{"id":512302,"date":"2026-09-04T10:35:12","date_gmt":"2026-09-04T13:35:12","guid":{"rendered":"https:\/\/www.planbnoticias.com.ar\/?p=512302"},"modified":"2026-09-04T10:35:12","modified_gmt":"2026-09-04T13:35:12","slug":"a-50-anos-del-golpe-de-estado-invitan-a-sumarse-a-las-i-jornadas-de-letras-docencia-investigacion-y-extension","status":"publish","type":"post","link":"https:\/\/www.planbnoticias.com.ar\/index.php\/2026\/09\/04\/a-50-anos-del-golpe-de-estado-invitan-a-sumarse-a-las-i-jornadas-de-letras-docencia-investigacion-y-extension\/","title":{"rendered":"A 50 a\u00f1os del Golpe de Estado: invitan a sumarse a las I Jornadas de Letras Docencia, Investigaci\u00f3n y Extensi\u00f3n"},"content":{"rendered":"<p><img fetchpriority=\"high\" decoding=\"async\" class=\"alignnone size-full wp-image-482681\" src=\"https:\/\/www.planbnoticias.com.ar\/wp-content\/uploads\/2025\/12\/unlpam.jpeg\" alt=\"\" width=\"1280\" height=\"761\" srcset=\"https:\/\/www.planbnoticias.com.ar\/wp-content\/uploads\/2025\/12\/unlpam.jpeg 1280w, https:\/\/www.planbnoticias.com.ar\/wp-content\/uploads\/2025\/12\/unlpam-300x178.jpeg 300w, https:\/\/www.planbnoticias.com.ar\/wp-content\/uploads\/2025\/12\/unlpam-1024x609.jpeg 1024w, https:\/\/www.planbnoticias.com.ar\/wp-content\/uploads\/2025\/12\/unlpam-768x457.jpeg 768w, https:\/\/www.planbnoticias.com.ar\/wp-content\/uploads\/2025\/12\/unlpam-1170x696.jpeg 1170w, https:\/\/www.planbnoticias.com.ar\/wp-content\/uploads\/2025\/12\/unlpam-585x348.jpeg 585w\" sizes=\"(max-width: 1280px) 100vw, 1280px\" \/><\/p>\n<p>El Departamento de Letras de la Facultad de Ciencias Humanas de la Universidad Nacional de La Pampa, junto con el Instituto de Investigaciones Literarias y Discursivas (IILyD), el Instituto de Estudios Cl\u00e1sicos y Traducci\u00f3n (IECyT), el Instituto de Ling\u00fc\u00edstica (ILing) y la Asociaci\u00f3n Pampeana de Escritorxs (APE), convocan a participar de las I Jornadas de Letras. Docencia, Investigaci\u00f3n y Extensi\u00f3n, que se realizar\u00e1n los d\u00edas 26 y 27 de noviembre de 2026 en la sede Santa Rosa de la Facultad de Ciencias Humanas (UNLPam), en modalidad presencial.<\/p>\n<p><script async src=\"\/\/pagead2.googlesyndication.com\/pagead\/js\/adsbygoogle.js\"><\/script><\/p>\n<p><!-- Publi m\u00f3vil interior nota --><\/p>\n<p>&nbsp;<\/p>\n<p><script><\/p>\n<p>(adsbygoogle = window.adsbygoogle || []).push({});<\/p>\n<p><\/script><\/p>\n<p><strong>Fundamentaci\u00f3n<\/strong><\/p>\n<p>En el marco de los cincuenta a\u00f1os del Golpe C\u00edvico-Militar, acontecimiento que marc\u00f3 un antes y un despu\u00e9s en la historia de nuestro pa\u00eds, consideramos necesario situar estas I Jornadas de Letras en un tiempo atravesado por la memoria, las disputas en torno al sentido de lo p\u00fablico y los debates sobre la democracia, los derechos y el papel de las instituciones educativas en la vida social. Entendemos que las consecuencias pol\u00edticas, econ\u00f3micas, sociales y culturales de la \u00faltima dictadura contin\u00faan interpelando la cotidianeidad y nos obligan a sostener espacios de pensamiento cr\u00edtico, encuentro colectivo y producci\u00f3n de conocimiento desde la universidad p\u00fablica. Nuestro presente se encuentra atravesado por nuevas formas de autoritarismo, sostenidas tanto en la dependencia econ\u00f3mica con el Fondo Monetario Internacional \u2014cuya deuda externa se consolid\u00f3 precisamente durante la dictadura\u2014 como en pr\u00e1cticas pol\u00edticas signadas por la crueldad, el disciplinamiento social y el deterioro sistem\u00e1tico de las condiciones de vida de las mayor\u00edas populares, entre las cuales nos reconocemos.<\/p>\n<p>En este contexto, el desfinanciamiento de la universidad p\u00fablica y el ataque persistente contra las ciencias humanas y sociales constituyen no solo una pol\u00edtica de ajuste, sino tambi\u00e9n un intento de desarticular el pensamiento cr\u00edtico y las formas colectivas de producci\u00f3n de conocimiento. Por eso, organizar estas I Jornadas de Letras en una universidad del interior del pa\u00eds implica un acto de resistencia y una defensa inclaudicable de la educaci\u00f3n como territorio fundamental para la construcci\u00f3n democr\u00e1tica frente a discursos autoritarios que reducen el valor del conocimiento a su rentabilidad econ\u00f3mica. Sostener espacios de encuentro, debate y producci\u00f3n colectiva de saberes es tambi\u00e9n una manera de afirmar que la universidad p\u00fablica contin\u00faa siendo un lugar de pensamiento cr\u00edtico, de intervenci\u00f3n pol\u00edtica y de construcci\u00f3n de ciudadan\u00eda.<\/p>\n<p>Adem\u00e1s, este a\u00f1o, la carrera de Letras cumple cincuenta y cinco a\u00f1os de trayectoria. Esta instancia no solo busca reconocer el trabajo, el compromiso y la labor de quienes construyeron y sostuvieron la carrera a lo largo de estas d\u00e9cadas, sino tambi\u00e9n habilitar una reflexi\u00f3n situada sobre nuestro presente. La publicaci\u00f3n el a\u00f1o pasado de La carrera de Letras en la Universidad Nacional de La Pampa 1971-2021, libro que recupera la historia de la carrera a prop\u00f3sito de sus cincuenta a\u00f1os, constituye un antecedente fundamental para continuar pensando las formas de producci\u00f3n de conocimiento cr\u00edtico que se generan en los \u00e1mbitos de investigaci\u00f3n, docencia y extensi\u00f3n.<\/p>\n<p><img decoding=\"async\" class=\"alignnone size-full wp-image-512303\" src=\"https:\/\/www.planbnoticias.com.ar\/wp-content\/uploads\/2026\/09\/FLYER-JORNADAS.avif\" alt=\"\" width=\"1024\" height=\"1280\" srcset=\"https:\/\/www.planbnoticias.com.ar\/wp-content\/uploads\/2026\/09\/FLYER-JORNADAS.avif 1024w, https:\/\/www.planbnoticias.com.ar\/wp-content\/uploads\/2026\/09\/FLYER-JORNADAS-240x300.avif 240w, https:\/\/www.planbnoticias.com.ar\/wp-content\/uploads\/2026\/09\/FLYER-JORNADAS-819x1024.avif 819w, https:\/\/www.planbnoticias.com.ar\/wp-content\/uploads\/2026\/09\/FLYER-JORNADAS-768x960.avif 768w, https:\/\/www.planbnoticias.com.ar\/wp-content\/uploads\/2026\/09\/FLYER-JORNADAS-585x731.avif 585w\" sizes=\"(max-width: 1024px) 100vw, 1024px\" \/><\/p>\n<p>Estas Jornadas se proponen, entonces, fortalecer el di\u00e1logo entre estudiantes, graduados\/as y docentes, promoviendo debates en torno al perfil docente \u2014raigambre hist\u00f3rica y central de la carrera\u2014 y a los desaf\u00edos que impone la actual coyuntura de las pol\u00edticas educativas nacionales. Esta instancia de encuentro presencial adquiere un valor singular en una \u00e9poca en la que la virtualidad fragmenta los v\u00ednculos colectivos, separa los cuerpos y profundiza formas de individualismo y aislamiento. Encontrarnos tambi\u00e9n implica habilitar la circulaci\u00f3n de la palabra, de la poes\u00eda, de la ficci\u00f3n, de la no ficci\u00f3n y de las producciones acad\u00e9micas y de divulgaci\u00f3n que constituyen, sin dudas, el n\u00facleo vital de nuestra pr\u00e1ctica. En este sentido, resulta especialmente significativo contar con el acompa\u00f1amiento de la Asociaci\u00f3n Pampeana de Escritorxs, instituci\u00f3n con la que nuestra carrera sostiene un di\u00e1logo permanente y fruct\u00edfero.<\/p>\n<p><strong>Objetivos<\/strong><\/p>\n<p>\u2714 Recuperar, problematizar y fortalecer las experiencias \u00e1ulicas y la formaci\u00f3n docente en el campo de la lengua y la literatura, promoviendo el intercambio de pr\u00e1cticas pedag\u00f3gicas, saberes y estrategias de ense\u00f1anza situadas en los diversos niveles del sistema educativo.<\/p>\n<p>\u2714 Socializar los avances y resultados de los proyectos de investigaci\u00f3n desarrollados en los institutos y espacios acad\u00e9micos vinculados al Departamento de Letras y \u00e1reas afines.<\/p>\n<p>\u2714 Promover el intercambio y la reflexi\u00f3n cr\u00edtica entre docentes, estudiantes, graduados\/as y la comunidad en general en torno a problem\u00e1ticas culturales, educativas y sociales contempor\u00e1neas vinculadas con la lengua, la literatura y las Humanidades.<\/p>\n<p>\u2714 Generar un espacio de di\u00e1logo interdisciplinario entre Letras y carreras de Humanidades que favorezca la circulaci\u00f3n de experiencias, producciones y debates acad\u00e9micos.<\/p>\n<p>\u2714 Socializar y fortalecer proyectos y pr\u00e1cticas de docencia, investigaci\u00f3n y extensi\u00f3n, promoviendo la producci\u00f3n colectiva de conocimiento y la articulaci\u00f3n con la comunidad.<\/p>\n<p>\u2714 Contribuir a la formaci\u00f3n acad\u00e9mica y profesional de estudiantes y graduados\/as, promoviendo su inserci\u00f3n en \u00e1mbitos de investigaci\u00f3n, docencia, extensi\u00f3n y gesti\u00f3n cultural.<\/p>\n<p><strong>Destinatarias\/os:<\/strong> docentes, investigadoras\/es, extensionistas, comunidad graduada y estudiantes de Letras y ciencias afines. P\u00fablico en general.<\/p>\n<p><strong>Modalidad:<\/strong> presencial.<\/p>\n<p><strong>Lugar:<\/strong> Facultad de Ciencias Humanas, Universidad Nacional de La Pampa, sede Santa Rosa.<\/p>\n<p><strong>Comit\u00e9 Ejecutivo<\/strong><\/p>\n<p>Gonz\u00e1lez, Ma. Virginia<\/p>\n<p>P\u00e9rez, Laura<\/p>\n<p>Redondo, Nilda<\/p>\n<p><strong>Comit\u00e9 Organizador<\/strong><\/p>\n<p>Barrios, Carolina<\/p>\n<p>Bruno, Ma. P\u00eda<\/p>\n<p>Ca\u00f1ete, Luc\u00eda<\/p>\n<p>Casado, Mariana<\/p>\n<p>Druille, Paola<\/p>\n<p>Forte, Nora<\/p>\n<p>Ferratto, Luciana<\/p>\n<p>Gaiser, Ma. Cecilia Gaggero Fiscella, Micaela<\/p>\n<p>Gim\u00e9nez, Guadalupe<\/p>\n<p>Mayer, Camila<\/p>\n<p>Melchor, Daniela<\/p>\n<p>Oliveto, Mariano<\/p>\n<p>Pascual Battista, Rosario<\/p>\n<p>Su\u00e1rez Patteter, Maya<\/p>\n<p>Spinelli, Silvia<\/p>\n<p>Sombra, Sandra<\/p>\n<p><strong>Comit\u00e9 Cient\u00edfico<\/strong><\/p>\n<p>Battist\u00f3n, Dora<\/p>\n<p>Maristany, Jos\u00e9<\/p>\n<p>Reg\u00fanaga, Alejandra<\/p>\n<p>Salto, Graciela<\/p>\n<p><strong>Modalidad de participaci\u00f3n:<\/strong><\/p>\n<p>a) Ponencias: deber\u00e1n tener una extensi\u00f3n m\u00e1xima de 8 p\u00e1ginas, en letra Times New Roman, tama\u00f1o 12 e interlineado de 1,5.<\/p>\n<p>b) Relatos de experiencias de articulaci\u00f3n entre investigaci\u00f3n, docencia y\/o extensi\u00f3n. La descripci\u00f3n de la experiencia no podr\u00e1 exceder las 8 p\u00e1ginas, en letra Times New Roman, tama\u00f1o 12 e interlineado de 1,5.<\/p>\n<p>c) Comunicaciones: corresponden exclusivamente a estudiantes y deber\u00e1n acompa\u00f1arse del aval de un\/a docente. Tendr\u00e1n una extensi\u00f3n m\u00e1xima de 6 p\u00e1ginas, en letra Times New Roman, tama\u00f1o 12 e interlineado de 1,5.<\/p>\n<p>Cada autor\/a podr\u00e1 presentar hasta un trabajo, ya sea de manera individual o en coautor\u00eda. Los trabajos en coautor\u00eda podr\u00e1n contar con un m\u00e1ximo de tres autores\/as.<\/p>\n<p><strong>Inscripciones:<\/strong><\/p>\n<p>Quienes deseen participar con ponencias, comunicaciones o relatos de experiencias deber\u00e1n presentar un resumen de hasta 250 palabras (Times New Roman, tama\u00f1o 12, interlineado 1,5).<\/p>\n<p>En el encabezado deber\u00e1n consignarse los siguientes datos:<\/p>\n<p>\u25cf Nombre y apellido del\/de la autor\/a \u25cf Pertenencia institucional<\/p>\n<p>\u25cf Proyecto de investigaci\u00f3n o extensi\u00f3n en el que se enmarca el trabajo (si corresponde).<\/p>\n<p><strong>Consignar el t\u00edtulo del proyecto<\/strong><\/p>\n<p>\u25cf Modalidad de participaci\u00f3n (ponencia, comunicaci\u00f3n o relato de experiencia)<\/p>\n<p>\u25cf Correo electr\u00f3nico \u25cf T\u00edtulo del trabajo<\/p>\n<p>Ponencias, comunicaciones o relatos de experiencias: Formulario de inscripci\u00f3n<\/p>\n<p><strong>Plazo para inscripci\u00f3n: <\/strong>hasta el 14 de septiembre.<\/p>\n<p>Asistentes: Formulario de inscripci\u00f3n<\/p>\n<p>Quienes deseen obtener certificado de asistencia deber\u00e1n completar el formulario de inscripci\u00f3n en tiempo y forma.<\/p>\n<p>Fecha: hasta el 15 de noviembre.<\/p>\n<p>Se otorgar\u00e1n certificados de expositor\/a y asistente.<\/p>\n<p>La participaci\u00f3n en las jornadas es de car\u00e1cter gratuito tanto para asistentes como para expositores\/as. Consultas: <a href=\"mailto:jornadasletras@humanas.unlpam.edu.ar\" target=\"_blank\" rel=\"noopener\"><strong>jornadasletras@humanas.unlpam.edu.ar<\/strong><\/a><\/p>\n","protected":false},"excerpt":{"rendered":"<p>El Departamento de Letras de la Facultad de Ciencias Humanas de la Universidad Nacional de La Pampa, junto con el Instituto de Investigaciones Literarias y Discursivas (IILyD), el Instituto de&hellip;<\/p>\n","protected":false},"author":3,"featured_media":482681,"comment_status":"closed","ping_status":"open","sticky":false,"template":"","format":"standard","meta":{"footnotes":""},"categories":[4,13],"tags":[],"class_list":["post-512302","post","type-post","status-publish","format-standard","has-post-thumbnail","hentry","category-ciudad","category-provincia"],"jetpack_featured_media_url":"https:\/\/www.planbnoticias.com.ar\/wp-content\/uploads\/2025\/12\/unlpam.jpeg","_links":{"self":[{"href":"https:\/\/www.planbnoticias.com.ar\/index.php\/wp-json\/wp\/v2\/posts\/512302","targetHints":{"allow":["GET"]}}],"collection":[{"href":"https:\/\/www.planbnoticias.com.ar\/index.php\/wp-json\/wp\/v2\/posts"}],"about":[{"href":"https:\/\/www.planbnoticias.com.ar\/index.php\/wp-json\/wp\/v2\/types\/post"}],"author":[{"embeddable":true,"href":"https:\/\/www.planbnoticias.com.ar\/index.php\/wp-json\/wp\/v2\/users\/3"}],"replies":[{"embeddable":true,"href":"https:\/\/www.planbnoticias.com.ar\/index.php\/wp-json\/wp\/v2\/comments?post=512302"}],"version-history":[{"count":1,"href":"https:\/\/www.planbnoticias.com.ar\/index.php\/wp-json\/wp\/v2\/posts\/512302\/revisions"}],"predecessor-version":[{"id":512304,"href":"https:\/\/www.planbnoticias.com.ar\/index.php\/wp-json\/wp\/v2\/posts\/512302\/revisions\/512304"}],"wp:featuredmedia":[{"embeddable":true,"href":"https:\/\/www.planbnoticias.com.ar\/index.php\/wp-json\/wp\/v2\/media\/482681"}],"wp:attachment":[{"href":"https:\/\/www.planbnoticias.com.ar\/index.php\/wp-json\/wp\/v2\/media?parent=512302"}],"wp:term":[{"taxonomy":"category","embeddable":true,"href":"https:\/\/www.planbnoticias.com.ar\/index.php\/wp-json\/wp\/v2\/categories?post=512302"},{"taxonomy":"post_tag","embeddable":true,"href":"https:\/\/www.planbnoticias.com.ar\/index.php\/wp-json\/wp\/v2\/tags?post=512302"}],"curies":[{"name":"wp","href":"https:\/\/api.w.org\/{rel}","templated":true}]}}