{"id":512306,"date":"2026-09-04T12:08:47","date_gmt":"2026-09-04T15:08:47","guid":{"rendered":"https:\/\/www.planbnoticias.com.ar\/?p=512306"},"modified":"2026-09-04T14:14:54","modified_gmt":"2026-09-04T17:14:54","slug":"anestesistas-hay-que-avanzar-con-algun-tipo-de-obligatoriedad-vinculada-al-servicio-esencial","status":"publish","type":"post","link":"https:\/\/www.planbnoticias.com.ar\/index.php\/2026\/09\/04\/anestesistas-hay-que-avanzar-con-algun-tipo-de-obligatoriedad-vinculada-al-servicio-esencial\/","title":{"rendered":"Anestesistas: \u201cHay que avanzar con alg\u00fan tipo de obligatoriedad vinculada al servicio esencial\u201d"},"content":{"rendered":"<p><img fetchpriority=\"high\" decoding=\"async\" class=\"alignnone size-full wp-image-435958\" src=\"https:\/\/www.planbnoticias.com.ar\/wp-content\/uploads\/2024\/10\/espartaco-marin.jpeg\" alt=\"\" width=\"1280\" height=\"960\" srcset=\"https:\/\/www.planbnoticias.com.ar\/wp-content\/uploads\/2024\/10\/espartaco-marin.jpeg 1280w, https:\/\/www.planbnoticias.com.ar\/wp-content\/uploads\/2024\/10\/espartaco-marin-300x225.jpeg 300w, https:\/\/www.planbnoticias.com.ar\/wp-content\/uploads\/2024\/10\/espartaco-marin-1024x768.jpeg 1024w, https:\/\/www.planbnoticias.com.ar\/wp-content\/uploads\/2024\/10\/espartaco-marin-768x576.jpeg 768w, https:\/\/www.planbnoticias.com.ar\/wp-content\/uploads\/2024\/10\/espartaco-marin-1170x878.jpeg 1170w, https:\/\/www.planbnoticias.com.ar\/wp-content\/uploads\/2024\/10\/espartaco-marin-585x439.jpeg 585w\" sizes=\"(max-width: 1280px) 100vw, 1280px\" \/><\/p>\n<p>El proyecto de Espartaco Mar\u00edn propone declarar esencial el servicio de anestesiolog\u00eda, asegurar un piso del 75% de las prestaciones y formar nuevos profesionales para reducir la dependencia del Estado de un grupo reducido.<\/p>\n<p>Espartaco Mar\u00edn legislador por Convervencia Peronista, dialog\u00f3 con Plan B, en el marco de un trabajo para presentar una ley que declare a la anestesiolog\u00eda como servicio esencial y establezca una emergencia por seis a\u00f1os, con el objetivo de garantizar que no pueda interrumpirse la atenci\u00f3n en el servicio p\u00fablico de salud.<\/p>\n<p>Seg\u00fan el proyecto de ley, se propone asegurar un piso del 75% de las prestaciones durante cualquier conflicto y, al mismo tiempo, generar mecanismos para incorporar y formar nuevos especialistas. La iniciativa, impulsada por Espartaco Mar\u00edn, tambi\u00e9n busca aumentar la cantidad de profesionales y reducir la dependencia del Estado de un grupo reducido de especialistas.<\/p>\n<p><script async src=\"\/\/pagead2.googlesyndication.com\/pagead\/js\/adsbygoogle.js\"><\/script><br \/>\n<!-- Publi m\u00f3vil interior nota --><br \/>\n<ins class=\"adsbygoogle\" style=\"display: inline-btiembrepblock; width: 320px; height: 100px;\" data-ad-client=\"ca-pub-7250018434179914\" data-ad-slot=\"1040343543\"><\/ins><br \/>\n<script>\n(adsbygoogle = window.adsbygoogle || []).push({});\n<\/script><\/p>\n<p><strong>En di\u00e1logo con Plan B, Espartaco Mar\u00edn explic\u00f3 la iniciativa.<\/strong>\u00a0 \u201cEste proyecto se da en un marco de emergencia para mejorar las condiciones paritarias que tiene este sector, con una actividad indispensable. A nuestro entender, destinar 8.400 millones de pesos con la relaci\u00f3n presupuestaria, implica fondos cuantiosos que hoy, en un estado de situaci\u00f3n de complicaci\u00f3n como existe a nivel provincial y en nuestras arcas, merecer\u00eda alguna reflexi\u00f3n. Y bueno, eso estamos, tratando de articular\u201d.<\/p>\n<p><strong>Espartaco record\u00f3 que este problema con los anestesistas no es nuevo.<\/strong> \u201cHablaremos con Sempre. Es un conflicto que ha tenido sus antecedentes en el 98, en el 2012, en el 2016. Veremos a ver c\u00f3mo lo podemos instrumentar. Hay que recordar que los anestesistas tienen una asociaci\u00f3n nacional y una asociaci\u00f3n provincial. Est\u00e1n por fuera del Colegio M\u00e9dico\u201d.<\/p>\n<p>\u201cSi bien este es un tema nacional, hay provincias que han avanzado con alg\u00fan tipo de acuerdo como Salta, por ejemplo. Entonces no es en contra los anestesistas, porque es una profesi\u00f3n noble e important\u00edsima, pero lo que digo es, en este estado de situaci\u00f3n econ\u00f3mica compleja para la provincia de La Pampa, amerita una reflexi\u00f3n\u201d, opin\u00f3 Mar\u00edn.<\/p>\n<p>\u201cHay que recordar que nosotros en el presupuesto tenemos que aprobar las pautas presupuestarias. Bueno, 8.400 millones de pesos para 15 anestesistas, me parece que es un poco mucho. Uno no quiere caer tampoco en la cr\u00edtica a la profesi\u00f3n, repito esto, pero s\u00ed en la reflexi\u00f3n sobre el financiamiento. Porque adem\u00e1s tienen el financiamiento del sector p\u00fablico y del privado. No hay una cuesti\u00f3n de indigencia ac\u00e1, \u00bfno? Al contrario. Entonces, me parece que hay que avanzar con alg\u00fan tipo de obligatoriedad vinculada al servicio esencial y a la situaci\u00f3n de emergencia en la cual est\u00e1 atravesando la provincia de La Pampa\u201d, resalt\u00f3 Mar\u00edn.<\/p>\n<p>\u201cY sobre todo en Salud. Particularmente, hace una semana vimos el recorte del Remediar. Hab\u00eda 79 medicamentos que lo financiaba el gobierno nacional y ahora no los financia m\u00e1s. Bueno. Esta es la situaci\u00f3n. Hay poca agua, hay que ver c\u00f3mo se la administra\u201d, dijo el legislador del PJ.<\/p>\n","protected":false},"excerpt":{"rendered":"<p>El proyecto de Espartaco Mar\u00edn propone declarar esencial el servicio de anestesiolog\u00eda, asegurar un piso del 75% de las prestaciones y formar nuevos profesionales para reducir la dependencia del Estado&hellip;<\/p>\n","protected":false},"author":3,"featured_media":435958,"comment_status":"closed","ping_status":"open","sticky":false,"template":"","format":"standard","meta":{"footnotes":""},"categories":[7,13],"tags":[],"class_list":["post-512306","post","type-post","status-publish","format-standard","has-post-thumbnail","hentry","category-destacadas","category-provincia"],"jetpack_featured_media_url":"https:\/\/www.planbnoticias.com.ar\/wp-content\/uploads\/2024\/10\/espartaco-marin.jpeg","_links":{"self":[{"href":"https:\/\/www.planbnoticias.com.ar\/index.php\/wp-json\/wp\/v2\/posts\/512306","targetHints":{"allow":["GET"]}}],"collection":[{"href":"https:\/\/www.planbnoticias.com.ar\/index.php\/wp-json\/wp\/v2\/posts"}],"about":[{"href":"https:\/\/www.planbnoticias.com.ar\/index.php\/wp-json\/wp\/v2\/types\/post"}],"author":[{"embeddable":true,"href":"https:\/\/www.planbnoticias.com.ar\/index.php\/wp-json\/wp\/v2\/users\/3"}],"replies":[{"embeddable":true,"href":"https:\/\/www.planbnoticias.com.ar\/index.php\/wp-json\/wp\/v2\/comments?post=512306"}],"version-history":[{"count":1,"href":"https:\/\/www.planbnoticias.com.ar\/index.php\/wp-json\/wp\/v2\/posts\/512306\/revisions"}],"predecessor-version":[{"id":512307,"href":"https:\/\/www.planbnoticias.com.ar\/index.php\/wp-json\/wp\/v2\/posts\/512306\/revisions\/512307"}],"wp:featuredmedia":[{"embeddable":true,"href":"https:\/\/www.planbnoticias.com.ar\/index.php\/wp-json\/wp\/v2\/media\/435958"}],"wp:attachment":[{"href":"https:\/\/www.planbnoticias.com.ar\/index.php\/wp-json\/wp\/v2\/media?parent=512306"}],"wp:term":[{"taxonomy":"category","embeddable":true,"href":"https:\/\/www.planbnoticias.com.ar\/index.php\/wp-json\/wp\/v2\/categories?post=512306"},{"taxonomy":"post_tag","embeddable":true,"href":"https:\/\/www.planbnoticias.com.ar\/index.php\/wp-json\/wp\/v2\/tags?post=512306"}],"curies":[{"name":"wp","href":"https:\/\/api.w.org\/{rel}","templated":true}]}}