{"id":512308,"date":"2026-09-04T12:21:37","date_gmt":"2026-09-04T15:21:37","guid":{"rendered":"https:\/\/www.planbnoticias.com.ar\/?p=512308"},"modified":"2026-09-04T14:22:10","modified_gmt":"2026-09-04T17:22:10","slug":"la-mutual-mercantil-firmo-convenio-con-calzatex-para-ofrecer-calzado-a-precio-solidario","status":"publish","type":"post","link":"https:\/\/www.planbnoticias.com.ar\/index.php\/2026\/09\/04\/la-mutual-mercantil-firmo-convenio-con-calzatex-para-ofrecer-calzado-a-precio-solidario\/","title":{"rendered":"La Mutual Mercantil firm\u00f3 convenio con Calzatex para ofrecer calzado a precio solidario"},"content":{"rendered":"<p><img fetchpriority=\"high\" decoding=\"async\" class=\"alignnone size-full wp-image-512310\" src=\"https:\/\/www.planbnoticias.com.ar\/wp-content\/uploads\/2026\/09\/fenam.jpeg\" alt=\"\" width=\"1080\" height=\"720\" srcset=\"https:\/\/www.planbnoticias.com.ar\/wp-content\/uploads\/2026\/09\/fenam.jpeg 1080w, https:\/\/www.planbnoticias.com.ar\/wp-content\/uploads\/2026\/09\/fenam-300x200.jpeg 300w, https:\/\/www.planbnoticias.com.ar\/wp-content\/uploads\/2026\/09\/fenam-1024x683.jpeg 1024w, https:\/\/www.planbnoticias.com.ar\/wp-content\/uploads\/2026\/09\/fenam-768x512.jpeg 768w, https:\/\/www.planbnoticias.com.ar\/wp-content\/uploads\/2026\/09\/fenam-585x390.jpeg 585w, https:\/\/www.planbnoticias.com.ar\/wp-content\/uploads\/2026\/09\/fenam-263x175.jpeg 263w\" sizes=\"(max-width: 1080px) 100vw, 1080px\" \/><\/p>\n<p>\u201cEn este contexto adverso tenemos que ser solidarios y creativos. El mutualismo constituye un complemento fundamental de la actividad sindical y una herramienta clave para seguir defendiendo a los trabajadores y sus familias\u201d, dijo Rodrigo Genoni.<\/p>\n<p>En la \u00faltima \u00a0reuni\u00f3n del Consejo Directivo de la FENAMMF, que con la participaci\u00f3n de referentes de las mutuales mercantiles de todo el pa\u00eds, se resolvi\u00f3 aprobar un convenio con Calzatex, que permitir\u00e1 a la FENAMMF ofrecer zapatillas escolares y ojotas para las colonias de verano a precios solidarios a todas las mutuales mercantiles.<\/p>\n<p><script async src=\"\/\/pagead2.googlesyndication.com\/pagead\/js\/adsbygoogle.js\"><\/script><br \/>\n<!-- Publi m\u00f3vil interior nota --><br \/>\n<ins class=\"adsbygoogle\" style=\"display: inline-btiembrepblock; width: 320px; height: 100px;\" data-ad-client=\"ca-pub-7250018434179914\" data-ad-slot=\"1040343543\"><\/ins><br \/>\n<script>\n(adsbygoogle = window.adsbygoogle || []).push({});\n<\/script><\/p>\n<p>De esta manera, las mutuales podr\u00e1n acceder a estos productos a un precio muy accesible , generando nuevos beneficios y fortaleciendo el acompa\u00f1amiento a las familias mercantiles.<\/p>\n<p>Tambi\u00e9n se abordaron distintos proyectos para el sector y los principales desaf\u00edos que atraviesan hoy al mutualismo, al sindicalismo y al sistema solidario de salud.<\/p>\n<p>El presidente de la entidad, Rodrigo Genoni, destac\u00f3 la importancia de seguir fortaleciendo las mutuales, ampliando su v\u00ednculo con la comunidad y consolidando su presencia en cada territorio.<\/p>\n<p>\u201cEn este contexto adverso tenemos que ser solidarios y creativos. El mutualismo constituye un complemento fundamental de la actividad sindical y una herramienta clave para seguir defendiendo a los trabajadores y sus familias\u201d, precis\u00f3.<\/p>\n","protected":false},"excerpt":{"rendered":"<p>\u201cEn este contexto adverso tenemos que ser solidarios y creativos. El mutualismo constituye un complemento fundamental de la actividad sindical y una herramienta clave para seguir defendiendo a los trabajadores&hellip;<\/p>\n","protected":false},"author":3,"featured_media":512309,"comment_status":"closed","ping_status":"open","sticky":false,"template":"","format":"standard","meta":{"footnotes":""},"categories":[7,9,12],"tags":[],"class_list":["post-512308","post","type-post","status-publish","format-standard","has-post-thumbnail","hentry","category-destacadas","category-gremiales","category-pais"],"jetpack_featured_media_url":"https:\/\/www.planbnoticias.com.ar\/wp-content\/uploads\/2026\/09\/genoni-fenammf.jpeg","_links":{"self":[{"href":"https:\/\/www.planbnoticias.com.ar\/index.php\/wp-json\/wp\/v2\/posts\/512308","targetHints":{"allow":["GET"]}}],"collection":[{"href":"https:\/\/www.planbnoticias.com.ar\/index.php\/wp-json\/wp\/v2\/posts"}],"about":[{"href":"https:\/\/www.planbnoticias.com.ar\/index.php\/wp-json\/wp\/v2\/types\/post"}],"author":[{"embeddable":true,"href":"https:\/\/www.planbnoticias.com.ar\/index.php\/wp-json\/wp\/v2\/users\/3"}],"replies":[{"embeddable":true,"href":"https:\/\/www.planbnoticias.com.ar\/index.php\/wp-json\/wp\/v2\/comments?post=512308"}],"version-history":[{"count":1,"href":"https:\/\/www.planbnoticias.com.ar\/index.php\/wp-json\/wp\/v2\/posts\/512308\/revisions"}],"predecessor-version":[{"id":512311,"href":"https:\/\/www.planbnoticias.com.ar\/index.php\/wp-json\/wp\/v2\/posts\/512308\/revisions\/512311"}],"wp:featuredmedia":[{"embeddable":true,"href":"https:\/\/www.planbnoticias.com.ar\/index.php\/wp-json\/wp\/v2\/media\/512309"}],"wp:attachment":[{"href":"https:\/\/www.planbnoticias.com.ar\/index.php\/wp-json\/wp\/v2\/media?parent=512308"}],"wp:term":[{"taxonomy":"category","embeddable":true,"href":"https:\/\/www.planbnoticias.com.ar\/index.php\/wp-json\/wp\/v2\/categories?post=512308"},{"taxonomy":"post_tag","embeddable":true,"href":"https:\/\/www.planbnoticias.com.ar\/index.php\/wp-json\/wp\/v2\/tags?post=512308"}],"curies":[{"name":"wp","href":"https:\/\/api.w.org\/{rel}","templated":true}]}}