{"id":512312,"date":"2026-09-04T13:23:23","date_gmt":"2026-09-04T16:23:23","guid":{"rendered":"https:\/\/www.planbnoticias.com.ar\/?p=512312"},"modified":"2026-09-04T13:23:23","modified_gmt":"2026-09-04T16:23:23","slug":"participaron-mas-de-1-300-ninos-y-ninas-conoce-los-trabajos-premiados-del-concurso-dibujemos-el-arte-callejero-de-la-pampa","status":"publish","type":"post","link":"https:\/\/www.planbnoticias.com.ar\/index.php\/2026\/09\/04\/participaron-mas-de-1-300-ninos-y-ninas-conoce-los-trabajos-premiados-del-concurso-dibujemos-el-arte-callejero-de-la-pampa\/","title":{"rendered":"Participaron m\u00e1s de 1.300 ni\u00f1os y ni\u00f1as: conoc\u00e9 los trabajos premiados del concurso \u201cDibujemos el arte callejero de La Pampa\u201d"},"content":{"rendered":"<p><img fetchpriority=\"high\" decoding=\"async\" class=\"alignnone size-full wp-image-512313\" src=\"https:\/\/www.planbnoticias.com.ar\/wp-content\/uploads\/2026\/09\/trabajos.avif\" alt=\"\" width=\"673\" height=\"507\" srcset=\"https:\/\/www.planbnoticias.com.ar\/wp-content\/uploads\/2026\/09\/trabajos.avif 673w, https:\/\/www.planbnoticias.com.ar\/wp-content\/uploads\/2026\/09\/trabajos-300x226.avif 300w, https:\/\/www.planbnoticias.com.ar\/wp-content\/uploads\/2026\/09\/trabajos-585x441.avif 585w\" sizes=\"(max-width: 673px) 100vw, 673px\" \/><\/p>\n<p>La Direcci\u00f3n de Ayuda Financiera para la Acci\u00f3n Social (DAFAS) seleccion\u00f3 los dibujos premiados del 11\u00b0 concurso de dibujos \u201cDibujemos el arte callejero de La Pampa\u201d, que se realiz\u00f3 en agosto, Mes de las Infancias, con el acompa\u00f1amiento del Ministerio de Educaci\u00f3n.<\/p>\n<p>M\u00e1s de 1.300 ni\u00f1as y ni\u00f1os de establecimientos primarios de toda la Provincia, que representaron la tem\u00e1tica del concurso a trav\u00e9s de creativos y coloridos dibujos, se sumaron a la tradicional edici\u00f3n del certamen donde estuvieron representadas 32 localidades.<\/p>\n<p>Adem\u00e1s de las bicicletas y cascos que se entregar\u00e1n como premios -a los tres primeros lugares-, tambi\u00e9n las escuelas a donde concurran el primero y segundo puesto de cada categor\u00eda, se llevar\u00e1n $ 250.000 para que la instituci\u00f3n destine a la compra de material did\u00e1ctico.<\/p>\n<p><script async src=\"\/\/pagead2.googlesyndication.com\/pagead\/js\/adsbygoogle.js\"><\/script><br \/>\n<!-- Publi m\u00f3vil interior nota --><br \/>\n<ins class=\"adsbygoogle\" style=\"display: inline-btiembrepblock; width: 320px; height: 100px;\" data-ad-client=\"ca-pub-7250018434179914\" data-ad-slot=\"1040343543\"><\/ins><br \/>\n<script>\n(adsbygoogle = window.adsbygoogle || []).push({});\n<\/script><\/p>\n<p>Los trabajos premiados en la categor\u00eda 1 (1\u00ba, 2\u00ba y 3\u00ba grado):<\/p>\n<p>-1er Premio: Mia Valentina Fridel, Escuela N\u00b054 (Trenel).<br \/>\n-2do Premio: Martina Kronemberger, Escuela N\u00b01 (Santa Rosa).<br \/>\n-3er Premio: Octavio Kloster, Colegio Santa In\u00e9s (General. Pico).<br \/>\n-Menci\u00f3n: Alma Irina D\u00edaz, Escuela N\u00b033 (Jacinto Arauz).<br \/>\n-Menci\u00f3n: Jordi Sotelo, Escuela N\u00b024 (Uriburu).<\/p>\n<p>En la categor\u00eda 2 (4\u00b0, 5\u00b0 y 6\u00b0 grado) fueron reconocidos:<br \/>\n-1er Premio: Jazm\u00edn Garc\u00eda L\u00f3pez, Colegio Santa In\u00e9s (General Pico).<br \/>\n-2do Premio: Valentina Arrara Alison, Escuela N\u00b0164 (General Acha).<br \/>\n-3er Premio: Dylan Valentino Lara, Escuela N\u00b054 (Trenel).<br \/>\n-Menci\u00f3n: Vera Ludue\u00f1a Bacci, Escuela N\u00b090 (La Gloria).<\/p>\n<p>De la categor\u00eda 1, ser\u00e1n premiados con $ 250.000 la Escuela N\u00b0 54 de Trenel y la Escuela N\u00b0 1 de Santa Rosa. En tanto de la categor\u00eda 2, ser\u00e1n premiadas con el mismo monto el Colegio Santa In\u00e9s de General Pico y la Escuela N\u00b0 164 de General Acha.<\/p>\n<p>DAFAS agradeci\u00f3 al jurado del concurso y a las escuelas, docentes y familias que respaldaron a las peque\u00f1as y peque\u00f1os artistas que participaron y especialmente a quienes resultaron premiados junto a sus escuelas.<\/p>\n","protected":false},"excerpt":{"rendered":"<p>La Direcci\u00f3n de Ayuda Financiera para la Acci\u00f3n Social (DAFAS) seleccion\u00f3 los dibujos premiados del 11\u00b0 concurso de dibujos \u201cDibujemos el arte callejero de La Pampa\u201d, que se realiz\u00f3 en&hellip;<\/p>\n","protected":false},"author":3,"featured_media":512313,"comment_status":"closed","ping_status":"open","sticky":false,"template":"","format":"standard","meta":{"footnotes":""},"categories":[4,13],"tags":[],"class_list":["post-512312","post","type-post","status-publish","format-standard","has-post-thumbnail","hentry","category-ciudad","category-provincia"],"jetpack_featured_media_url":"https:\/\/www.planbnoticias.com.ar\/wp-content\/uploads\/2026\/09\/trabajos.avif","_links":{"self":[{"href":"https:\/\/www.planbnoticias.com.ar\/index.php\/wp-json\/wp\/v2\/posts\/512312","targetHints":{"allow":["GET"]}}],"collection":[{"href":"https:\/\/www.planbnoticias.com.ar\/index.php\/wp-json\/wp\/v2\/posts"}],"about":[{"href":"https:\/\/www.planbnoticias.com.ar\/index.php\/wp-json\/wp\/v2\/types\/post"}],"author":[{"embeddable":true,"href":"https:\/\/www.planbnoticias.com.ar\/index.php\/wp-json\/wp\/v2\/users\/3"}],"replies":[{"embeddable":true,"href":"https:\/\/www.planbnoticias.com.ar\/index.php\/wp-json\/wp\/v2\/comments?post=512312"}],"version-history":[{"count":1,"href":"https:\/\/www.planbnoticias.com.ar\/index.php\/wp-json\/wp\/v2\/posts\/512312\/revisions"}],"predecessor-version":[{"id":512314,"href":"https:\/\/www.planbnoticias.com.ar\/index.php\/wp-json\/wp\/v2\/posts\/512312\/revisions\/512314"}],"wp:featuredmedia":[{"embeddable":true,"href":"https:\/\/www.planbnoticias.com.ar\/index.php\/wp-json\/wp\/v2\/media\/512313"}],"wp:attachment":[{"href":"https:\/\/www.planbnoticias.com.ar\/index.php\/wp-json\/wp\/v2\/media?parent=512312"}],"wp:term":[{"taxonomy":"category","embeddable":true,"href":"https:\/\/www.planbnoticias.com.ar\/index.php\/wp-json\/wp\/v2\/categories?post=512312"},{"taxonomy":"post_tag","embeddable":true,"href":"https:\/\/www.planbnoticias.com.ar\/index.php\/wp-json\/wp\/v2\/tags?post=512312"}],"curies":[{"name":"wp","href":"https:\/\/api.w.org\/{rel}","templated":true}]}}