{"id":512318,"date":"2026-09-04T17:15:22","date_gmt":"2026-09-04T20:15:22","guid":{"rendered":"https:\/\/www.planbnoticias.com.ar\/?p=512318"},"modified":"2026-09-04T17:18:01","modified_gmt":"2026-09-04T20:18:01","slug":"kelpers-no-estamos-preocupados-por-las-declaraciones-de-milei","status":"publish","type":"post","link":"https:\/\/www.planbnoticias.com.ar\/index.php\/2026\/09\/04\/kelpers-no-estamos-preocupados-por-las-declaraciones-de-milei\/","title":{"rendered":"Kelpers: \u201cNo estamos preocupados por las declaraciones de Milei\u201d"},"content":{"rendered":"<p><img fetchpriority=\"high\" decoding=\"async\" class=\"alignnone size-full wp-image-512263\" src=\"https:\/\/www.planbnoticias.com.ar\/wp-content\/uploads\/2026\/09\/milei-malvinas.avif\" alt=\"\" width=\"955\" height=\"540\" srcset=\"https:\/\/www.planbnoticias.com.ar\/wp-content\/uploads\/2026\/09\/milei-malvinas.avif 955w, https:\/\/www.planbnoticias.com.ar\/wp-content\/uploads\/2026\/09\/milei-malvinas-300x170.avif 300w, https:\/\/www.planbnoticias.com.ar\/wp-content\/uploads\/2026\/09\/milei-malvinas-768x434.avif 768w, https:\/\/www.planbnoticias.com.ar\/wp-content\/uploads\/2026\/09\/milei-malvinas-585x331.avif 585w\" sizes=\"(max-width: 955px) 100vw, 955px\" \/><\/p>\n<p>Jack Ford, titular de la Asamblea Legislativa de las Islas Malvinas, desestim\u00f3 los dichos del presidente, Javier Milei, respecto a la soberan\u00eda de las Islas. \u00abNo estamos preocupados por las declaraciones del presidente de Argentina\u00bb, asegur\u00f3.<br \/>\n<script async src=\"\/\/pagead2.googlesyndication.com\/pagead\/js\/adsbygoogle.js\"><\/script><br \/>\n<!-- Publi m\u00f3vil interior nota --><br \/>\n<ins class=\"adsbygoogle\" style=\"display: inline-block; width: 320px; height: 100px;\" data-ad-client=\"ca-pub-7250018434179914\" data-ad-slot=\"1040343543\"><\/ins><br \/>\n<script>\n(adsbygoogle = window.adsbygoogle || []).push({});\n<\/script><br \/>\n\u00abJavier Milei dijo que las Islas Malvinas son &#8216;la causa m\u00e1s importante y sagrada que tiene la Argentina'\u00bb, le coment\u00f3 una periodista inglesa durante una entrevista y le pregunt\u00f3: \u00ab\u00bfCu\u00e1l es tu reacci\u00f3n, Jack?\u00bb<\/p>\n<p>\u00abMi reacci\u00f3n es la de la mayor\u00eda de las personas de las Islas y es que esto no es nada nuevo. Estas palabras vienen saliendo desde Argentina hace much\u00edsimos a\u00f1os y veremos que seguir\u00e1n saliendo\u00bb, comenz\u00f3 diciendo Ford<\/p>\n<p>Y luego dej\u00f3 en claro que \u00abel mensaje es siempre el mismo: no estamos preocupados por las declaraciones del presidente de Argentina\u00bb.<\/p>\n<p>Los comunicadores tambi\u00e9n le consultaron sobre las sanciones para las empresas que operen en las islas y el entrevistado contest\u00f3: \u00abNuevamente lo mismo, estamos acostumbrados a las amenazas de Argentina. Estas amenazas para las empresas que operan en la industria del aceite no son nada nuevo\u00bb.<\/p>\n<p>Y destac\u00f3: \u00abSiempre hemos podido seguir operando y prosperando pese a esas amenazas. As\u00ed que seguiremos haciendo lo mismo\u00bb.<\/p>\n<p>Ford tambi\u00e9n se refiri\u00f3 a las declaraciones del mandatario de EEUU, Donald Trump, quien dijo que podr\u00eda rever la postura neutral de Norteam\u00e9rica respecto al conflicto entre Argentina y Gran Breta\u00f1a. \u00abComo vimos hace unos meses con un correo del Pent\u00e1gono sobre la postura respecto de las Islas Malvinas, el Departamento de Estado confirm\u00f3 varias veces que la posici\u00f3n de EEUU es la neutralidad\u00bb.<\/p>\n<p>Para cerrar dej\u00f3 en claro: \u00abNuestra relaci\u00f3n m\u00e1s importante es con el gobierno de Gran Breta\u00f1a. El compromiso del Reino Unido con las Malvinas es inquebrantable, somos brit\u00e1nicos y seguiremos si\u00e9ndolo mientras los isle\u00f1os de las Malvinas deseen ser brit\u00e1nicos\u00bb.<\/p>\n<p>Fuente y foto: Agencia NA<\/p>\n","protected":false},"excerpt":{"rendered":"<p>Jack Ford, titular de la Asamblea Legislativa de las Islas Malvinas, desestim\u00f3 los dichos del presidente, Javier Milei, respecto a la soberan\u00eda de las Islas. \u00abNo estamos preocupados por las&hellip;<\/p>\n","protected":false},"author":4,"featured_media":512263,"comment_status":"closed","ping_status":"open","sticky":false,"template":"","format":"standard","meta":{"footnotes":""},"categories":[12],"tags":[],"class_list":["post-512318","post","type-post","status-publish","format-standard","has-post-thumbnail","hentry","category-pais"],"jetpack_featured_media_url":"https:\/\/www.planbnoticias.com.ar\/wp-content\/uploads\/2026\/09\/milei-malvinas.avif","_links":{"self":[{"href":"https:\/\/www.planbnoticias.com.ar\/index.php\/wp-json\/wp\/v2\/posts\/512318","targetHints":{"allow":["GET"]}}],"collection":[{"href":"https:\/\/www.planbnoticias.com.ar\/index.php\/wp-json\/wp\/v2\/posts"}],"about":[{"href":"https:\/\/www.planbnoticias.com.ar\/index.php\/wp-json\/wp\/v2\/types\/post"}],"author":[{"embeddable":true,"href":"https:\/\/www.planbnoticias.com.ar\/index.php\/wp-json\/wp\/v2\/users\/4"}],"replies":[{"embeddable":true,"href":"https:\/\/www.planbnoticias.com.ar\/index.php\/wp-json\/wp\/v2\/comments?post=512318"}],"version-history":[{"count":2,"href":"https:\/\/www.planbnoticias.com.ar\/index.php\/wp-json\/wp\/v2\/posts\/512318\/revisions"}],"predecessor-version":[{"id":512320,"href":"https:\/\/www.planbnoticias.com.ar\/index.php\/wp-json\/wp\/v2\/posts\/512318\/revisions\/512320"}],"wp:featuredmedia":[{"embeddable":true,"href":"https:\/\/www.planbnoticias.com.ar\/index.php\/wp-json\/wp\/v2\/media\/512263"}],"wp:attachment":[{"href":"https:\/\/www.planbnoticias.com.ar\/index.php\/wp-json\/wp\/v2\/media?parent=512318"}],"wp:term":[{"taxonomy":"category","embeddable":true,"href":"https:\/\/www.planbnoticias.com.ar\/index.php\/wp-json\/wp\/v2\/categories?post=512318"},{"taxonomy":"post_tag","embeddable":true,"href":"https:\/\/www.planbnoticias.com.ar\/index.php\/wp-json\/wp\/v2\/tags?post=512318"}],"curies":[{"name":"wp","href":"https:\/\/api.w.org\/{rel}","templated":true}]}}