{"id":512321,"date":"2026-09-04T17:34:26","date_gmt":"2026-09-04T20:34:26","guid":{"rendered":"https:\/\/www.planbnoticias.com.ar\/?p=512321"},"modified":"2026-09-04T17:34:26","modified_gmt":"2026-09-04T20:34:26","slug":"carrera-caminata-y-actividades-para-toda-la-familia-en-uriburu","status":"publish","type":"post","link":"https:\/\/www.planbnoticias.com.ar\/index.php\/2026\/09\/04\/carrera-caminata-y-actividades-para-toda-la-familia-en-uriburu\/","title":{"rendered":"Carrera, caminata y actividades para toda la familia en Uriburu"},"content":{"rendered":"<p><img fetchpriority=\"high\" decoding=\"async\" class=\"alignnone size-full wp-image-512322\" src=\"https:\/\/www.planbnoticias.com.ar\/wp-content\/uploads\/2026\/09\/campeonato-uriburur-1.jpg\" alt=\"\" width=\"1000\" height=\"667\" srcset=\"https:\/\/www.planbnoticias.com.ar\/wp-content\/uploads\/2026\/09\/campeonato-uriburur-1.jpg 1000w, https:\/\/www.planbnoticias.com.ar\/wp-content\/uploads\/2026\/09\/campeonato-uriburur-1-300x200.jpg 300w, https:\/\/www.planbnoticias.com.ar\/wp-content\/uploads\/2026\/09\/campeonato-uriburur-1-768x512.jpg 768w, https:\/\/www.planbnoticias.com.ar\/wp-content\/uploads\/2026\/09\/campeonato-uriburur-1-585x390.jpg 585w, https:\/\/www.planbnoticias.com.ar\/wp-content\/uploads\/2026\/09\/campeonato-uriburur-1-263x175.jpg 263w\" sizes=\"(max-width: 1000px) 100vw, 1000px\" \/><\/p>\n<p>Uriburu ser\u00e1 escenario este domingo 6 de una jornada que combinar\u00e1 deporte, recreaci\u00f3n y turismo, con la realizaci\u00f3n de la tercera fecha del Campeonato Regional de Fondo 2026. La propuesta incluir\u00e1 carreras de 5 y 10 kil\u00f3metros, una caminata participativa de 5 kil\u00f3metros y pruebas infantiles, con la participaci\u00f3n de atletas de distintos puntos de La Pampa y una invitaci\u00f3n abierta a familias y visitantes para disfrutar tambi\u00e9n del entorno natural del Ojo de Agua.<br \/>\n<script async src=\"\/\/pagead2.googlesyndication.com\/pagead\/js\/adsbygoogle.js\"><\/script><br \/>\n<!-- Publi m\u00f3vil interior nota --><br \/>\n<ins class=\"adsbygoogle\" style=\"display: inline-block; width: 320px; height: 100px;\" data-ad-client=\"ca-pub-7250018434179914\" data-ad-slot=\"1040343543\"><\/ins><br \/>\n<script>\n(adsbygoogle = window.adsbygoogle || []).push({});\n<\/script><br \/>\nLa localidad de Uriburu ser\u00e1 escenario este domingo de la tercera fecha del Campeonato Regional de Fondo 2026, una propuesta deportiva que reunir\u00e1 a atletas de distintos puntos de la provincia y que tambi\u00e9n invita a participar a familias y personas que quieran acercarse a la actividad f\u00edsica mediante una caminata recreativa.<\/p>\n<p>La presentaci\u00f3n se realiz\u00f3 en la Secretar\u00eda de Turismo de La Pampa, con la participaci\u00f3n de la subsecretaria de Desarrollo Tur\u00edstico, Vanina Mart\u00ednez; representantes de la Asociaci\u00f3n Pampeana de Atletas Veteranos (APAV) y autoridades del municipio de Uriburu.<\/p>\n<p>Mart\u00ednez destac\u00f3 el acompa\u00f1amiento del Gobierno provincial a las distintas actividades que se desarrollan en el territorio pampeano. \u201cComo provincia tratamos de acompa\u00f1arlos a todos, estar presentes y ofrecer nuestro respaldo\u201d, se\u00f1al\u00f3.<\/p>\n<p>En ese marco, invit\u00f3 a participar de la jornada y puso en valor el atractivo tur\u00edstico de Uriburu. \u201cEst\u00e1 muy cerca, es una linda oportunidad para disfrutar de Uriburu y tomar unos mates ah\u00ed en el Ojo de Agua, que est\u00e1 muy lindo\u201d, expres\u00f3.<\/p>\n<p><strong>Una propuesta para toda la familia<\/strong><br \/>\nLa competencia tendr\u00e1 dos distancias: 5 y 10 kil\u00f3metros. Paralelamente se desarrollar\u00e1 una caminata participativa de 5 kil\u00f3metros, destinada a quienes quieran formar parte de la jornada sin competir.<\/p>\n<p>Tambi\u00e9n habr\u00e1 categor\u00edas infantiles, con recorridos adaptados de 250, 500, 800 y 1.200 metros, por lo que la convocatoria contempla tanto a atletas experimentados como a quienes quieran tener su primer acercamiento a una actividad de estas caracter\u00edsticas.<\/p>\n<p>Desde la organizaci\u00f3n, Daniel Bernasconi, presidente de la Asociaci\u00f3n Pampeana de Atletas Veteranos (APAV), se\u00f1al\u00f3 que el circuito partir\u00e1 desde la antigua estaci\u00f3n ferroviaria, y se desarrollar\u00e1 en direcci\u00f3n al Ojo de Agua.<\/p>\n<p>Los participantes de la prueba de 5 kil\u00f3metros realizar\u00e1n el retome a los 2.500 metros, mientras que quienes compitan en los 10 kil\u00f3metros continuar\u00e1n hasta el sector del Ojo de Agua. All\u00ed realizar\u00e1n un recorrido por la zona de playas y parrillas para luego emprender el regreso hacia el punto de partida.<\/p>\n<p>APAV destac\u00f3 que esta ser\u00e1 la tercera oportunidad en que la competencia se realiza en Uriburu y valoraron especialmente las condiciones del entorno para combinar la actividad deportiva con una jornada recreativa y tur\u00edstica.<\/p>\n<p><strong>Cerca de un centenar de atletas<\/strong><br \/>\nLa organizaci\u00f3n estima una participaci\u00f3n cercana al centenar de competidores habituales del campeonato, aunque la cantidad definitiva depender\u00e1 de las inscripciones y de la coincidencia con otras competencias que se realizan durante el calendario deportivo.<\/p>\n<p>En ese sentido, desde APAV se\u00f1alaron que uno de los desaf\u00edos para las pr\u00f3ximas ediciones ser\u00e1 coordinar las fechas del calendario provincial para evitar superposiciones entre distintas competencias.<\/p>\n<p>Las inscripciones para la carrera permanecer\u00e1n abiertas hasta el viernes a las 20:30 y tambi\u00e9n podr\u00e1n realizarse el s\u00e1bado de 9 a 12. Para consultas, se encuentra disponible el tel\u00e9fono 2954-699116.<\/p>\n<p>Durante la presentaci\u00f3n tambi\u00e9n se inform\u00f3 sobre la proyecci\u00f3n de la actividad atl\u00e9tica pampeana para el pr\u00f3ximo a\u00f1o. Desde APAP adelantaron que La Pampa ser\u00e1 sede de cuatro campeonatos nacionales de calle, correspondientes a las distancias de milla, 5 kil\u00f3metros, 10 kil\u00f3metros y 42 kil\u00f3metros.<\/p>\n<p>El anuncio ser\u00e1 formalizado pr\u00f3ximamente, mientras que integrantes de la asociaci\u00f3n participar\u00e1n la semana pr\u00f3xima de un Campeonato Nacional de Pista y Campo que se desarrollar\u00e1 en Buenos Aires.<\/p>\n<p>A su turno, la referente de Turismo de Uriburu, Roc\u00edo Aimetta, agradeci\u00f3 el apoyo del Gobierno provincial y destac\u00f3 que es una \u00e9poca del a\u00f1o \u201chermosa\u201d para visitar la localidad. \u201cLa laguna est\u00e1 con mucha agua y hay una infraestructura importante para recibir a los visitantes\u201d, asegur\u00f3 la funcionaria. \u00abInvitamos a quienes no conocen la puerta del este pampeano a que se acerquen a pasar el d\u00eda\u00bb, expres\u00f3.<\/p>\n","protected":false},"excerpt":{"rendered":"<p>Uriburu ser\u00e1 escenario este domingo 6 de una jornada que combinar\u00e1 deporte, recreaci\u00f3n y turismo, con la realizaci\u00f3n de la tercera fecha del Campeonato Regional de Fondo 2026. La propuesta&hellip;<\/p>\n","protected":false},"author":4,"featured_media":512322,"comment_status":"closed","ping_status":"open","sticky":false,"template":"","format":"standard","meta":{"footnotes":""},"categories":[6],"tags":[],"class_list":["post-512321","post","type-post","status-publish","format-standard","has-post-thumbnail","hentry","category-deportes"],"jetpack_featured_media_url":"https:\/\/www.planbnoticias.com.ar\/wp-content\/uploads\/2026\/09\/campeonato-uriburur-1.jpg","_links":{"self":[{"href":"https:\/\/www.planbnoticias.com.ar\/index.php\/wp-json\/wp\/v2\/posts\/512321","targetHints":{"allow":["GET"]}}],"collection":[{"href":"https:\/\/www.planbnoticias.com.ar\/index.php\/wp-json\/wp\/v2\/posts"}],"about":[{"href":"https:\/\/www.planbnoticias.com.ar\/index.php\/wp-json\/wp\/v2\/types\/post"}],"author":[{"embeddable":true,"href":"https:\/\/www.planbnoticias.com.ar\/index.php\/wp-json\/wp\/v2\/users\/4"}],"replies":[{"embeddable":true,"href":"https:\/\/www.planbnoticias.com.ar\/index.php\/wp-json\/wp\/v2\/comments?post=512321"}],"version-history":[{"count":1,"href":"https:\/\/www.planbnoticias.com.ar\/index.php\/wp-json\/wp\/v2\/posts\/512321\/revisions"}],"predecessor-version":[{"id":512323,"href":"https:\/\/www.planbnoticias.com.ar\/index.php\/wp-json\/wp\/v2\/posts\/512321\/revisions\/512323"}],"wp:featuredmedia":[{"embeddable":true,"href":"https:\/\/www.planbnoticias.com.ar\/index.php\/wp-json\/wp\/v2\/media\/512322"}],"wp:attachment":[{"href":"https:\/\/www.planbnoticias.com.ar\/index.php\/wp-json\/wp\/v2\/media?parent=512321"}],"wp:term":[{"taxonomy":"category","embeddable":true,"href":"https:\/\/www.planbnoticias.com.ar\/index.php\/wp-json\/wp\/v2\/categories?post=512321"},{"taxonomy":"post_tag","embeddable":true,"href":"https:\/\/www.planbnoticias.com.ar\/index.php\/wp-json\/wp\/v2\/tags?post=512321"}],"curies":[{"name":"wp","href":"https:\/\/api.w.org\/{rel}","templated":true}]}}