{"id":512324,"date":"2026-09-04T17:46:17","date_gmt":"2026-09-04T20:46:17","guid":{"rendered":"https:\/\/www.planbnoticias.com.ar\/?p=512324"},"modified":"2026-09-04T17:46:17","modified_gmt":"2026-09-04T20:46:17","slug":"di-napoli-desayuno-con-jovenes-de-distintas-localidades","status":"publish","type":"post","link":"https:\/\/www.planbnoticias.com.ar\/index.php\/2026\/09\/04\/di-napoli-desayuno-con-jovenes-de-distintas-localidades\/","title":{"rendered":"Di N\u00e1poli desayun\u00f3 con j\u00f3venes de distintas localidades"},"content":{"rendered":"<p><img fetchpriority=\"high\" decoding=\"async\" class=\"alignnone size-full wp-image-512325\" src=\"https:\/\/www.planbnoticias.com.ar\/wp-content\/uploads\/2026\/09\/di-napoli-estudiantes.jpeg\" alt=\"\" width=\"1280\" height=\"852\" srcset=\"https:\/\/www.planbnoticias.com.ar\/wp-content\/uploads\/2026\/09\/di-napoli-estudiantes.jpeg 1280w, https:\/\/www.planbnoticias.com.ar\/wp-content\/uploads\/2026\/09\/di-napoli-estudiantes-300x200.jpeg 300w, https:\/\/www.planbnoticias.com.ar\/wp-content\/uploads\/2026\/09\/di-napoli-estudiantes-1024x682.jpeg 1024w, https:\/\/www.planbnoticias.com.ar\/wp-content\/uploads\/2026\/09\/di-napoli-estudiantes-768x511.jpeg 768w, https:\/\/www.planbnoticias.com.ar\/wp-content\/uploads\/2026\/09\/di-napoli-estudiantes-1170x779.jpeg 1170w, https:\/\/www.planbnoticias.com.ar\/wp-content\/uploads\/2026\/09\/di-napoli-estudiantes-585x389.jpeg 585w, https:\/\/www.planbnoticias.com.ar\/wp-content\/uploads\/2026\/09\/di-napoli-estudiantes-263x175.jpeg 263w\" sizes=\"(max-width: 1280px) 100vw, 1280px\" \/><\/p>\n<p>El intendente Luciano Di N\u00e1poli comparti\u00f3 un desayuno con 45 j\u00f3venes de Eduardo Castex, Puel\u00e9n y Casa de Piedra que participaron del programa municipal \u201cConoc\u00e9 tu Capital\u201d, una iniciativa que les permiti\u00f3 durante dos jornadas recorrer distintos espacios hist\u00f3ricos, culturales, educativos y recreativos de Santa Rosa. Durante su estad\u00eda, visitaron el Mercado Concentrador, el Molino Werner, la Universidad Nacional de La Pampa, la Reserva Natural Urbana La Malvina y el Parque Laguna Don Tom\u00e1s, adem\u00e1s de participar de actividades en el cine y el teatro.<br \/>\n<script async src=\"\/\/pagead2.googlesyndication.com\/pagead\/js\/adsbygoogle.js\"><\/script><br \/>\n<!-- Publi m\u00f3vil interior nota --><br \/>\n<ins class=\"adsbygoogle\" style=\"display: inline-block; width: 320px; height: 100px;\" data-ad-client=\"ca-pub-7250018434179914\" data-ad-slot=\"1040343543\"><\/ins><br \/>\n<script>\n(adsbygoogle = window.adsbygoogle || []).push({});\n<\/script><br \/>\nEn el marco del programa municipal \u201cConoc\u00e9 tu Capital\u201d, 45 j\u00f3venes de Eduardo Castex, Puel\u00e9n y Casa de Piedra compartieron dos jornadas en Santa Rosa. Conversaron con el indendente y recorrieron el Mercado Concentrador, el Parque Laguna Don Tom\u00e1s y otros lugares de la ciudad.<\/p>\n<p>El intendente Luciano Di N\u00e1poli comparti\u00f3 un desayuno con j\u00f3venes que participan de \u201cConoc\u00e9 tu Capital\u201d, con quienes convers\u00f3 sobre la experiencia y las actividades realizadas durante su estad\u00eda en Santa Rosa. El grupo recorri\u00f3 el Mercado Concentrador, donde conoci\u00f3 aspectos vinculados a la producci\u00f3n local; El Molino Werner, el Centro Municipal de Cultura, entre otros espacios de la capital pampeana.<\/p>\n<p>Tambi\u00e9n, los j\u00f3venes visitaron la Reserva Natural Urbana La Malvina y la Universidad Nacional de La Pampa para conocer la propuesta educativa y las posibilidades que ofrece la instituci\u00f3n para continuar sus estudios una vez concluyan el colegio.<\/p>\n<p>Adem\u00e1s, realizaron actividades recreativas en el Parque Laguna Don Tom\u00e1s, con un paseo en catamar\u00e1n y en El Puelchito. Tambi\u00e9n participaron de propuestas culturales en el cine y el teatro.<\/p>\n<p><strong>Voces en la capital pampeana<\/strong><\/p>\n<p>Federico Lirio, profesor del Colegio Secundario de Puel\u00e9n, se\u00f1al\u00f3 que la experiencia les permite a los estudiantes \u201cconocer nuestra capital cultural y apropiarse de su provincia\u201d. Tambi\u00e9n, valor\u00f3 la posibilidad de acercarse al recorrido cultural e hist\u00f3rico de Santa Rosa y conocer la Universidad Nacional de La Pampa, que consider\u00f3 un espacio de \u201cgran contenci\u00f3n\u201d y una oportunidad para las y los j\u00f3venes del oeste pampeano.<\/p>\n<p>Por su parte, Pa\u00fal Badal, estudiante de la Escuela Secundaria de Puel\u00e9n, cont\u00f3 que ya hab\u00eda visitado Santa Rosa, aunque no hab\u00eda tenido la posibilidad de recorrer la ciudad con el mismo detenimiento. Se\u00f1al\u00f3 que pudo conocer lugares hist\u00f3ricos que desconoc\u00eda y valor\u00f3 \u201cla oportunidad de experimentar y conocer lugares, la historia de nuestras tierras\u201d.<\/p>\n<p>La propuesta forma parte del programa \u201cConoc\u00e9 tu Capital\u201d, que busca que j\u00f3venes y personas mayores de distintas localidades puedan conocer Santa Rosa y acercarse a sus diferentes propuestas. En lo que va de 2026, 233 j\u00f3venes ya visitaron la ciudad a trav\u00e9s de esta iniciativa impulsada por la Municipalidad de Santa Rosa.<\/p>\n","protected":false},"excerpt":{"rendered":"<p>El intendente Luciano Di N\u00e1poli comparti\u00f3 un desayuno con 45 j\u00f3venes de Eduardo Castex, Puel\u00e9n y Casa de Piedra que participaron del programa municipal \u201cConoc\u00e9 tu Capital\u201d, una iniciativa que&hellip;<\/p>\n","protected":false},"author":4,"featured_media":512325,"comment_status":"closed","ping_status":"open","sticky":false,"template":"","format":"standard","meta":{"footnotes":""},"categories":[4],"tags":[],"class_list":["post-512324","post","type-post","status-publish","format-standard","has-post-thumbnail","hentry","category-ciudad"],"jetpack_featured_media_url":"https:\/\/www.planbnoticias.com.ar\/wp-content\/uploads\/2026\/09\/di-napoli-estudiantes.jpeg","_links":{"self":[{"href":"https:\/\/www.planbnoticias.com.ar\/index.php\/wp-json\/wp\/v2\/posts\/512324","targetHints":{"allow":["GET"]}}],"collection":[{"href":"https:\/\/www.planbnoticias.com.ar\/index.php\/wp-json\/wp\/v2\/posts"}],"about":[{"href":"https:\/\/www.planbnoticias.com.ar\/index.php\/wp-json\/wp\/v2\/types\/post"}],"author":[{"embeddable":true,"href":"https:\/\/www.planbnoticias.com.ar\/index.php\/wp-json\/wp\/v2\/users\/4"}],"replies":[{"embeddable":true,"href":"https:\/\/www.planbnoticias.com.ar\/index.php\/wp-json\/wp\/v2\/comments?post=512324"}],"version-history":[{"count":1,"href":"https:\/\/www.planbnoticias.com.ar\/index.php\/wp-json\/wp\/v2\/posts\/512324\/revisions"}],"predecessor-version":[{"id":512326,"href":"https:\/\/www.planbnoticias.com.ar\/index.php\/wp-json\/wp\/v2\/posts\/512324\/revisions\/512326"}],"wp:featuredmedia":[{"embeddable":true,"href":"https:\/\/www.planbnoticias.com.ar\/index.php\/wp-json\/wp\/v2\/media\/512325"}],"wp:attachment":[{"href":"https:\/\/www.planbnoticias.com.ar\/index.php\/wp-json\/wp\/v2\/media?parent=512324"}],"wp:term":[{"taxonomy":"category","embeddable":true,"href":"https:\/\/www.planbnoticias.com.ar\/index.php\/wp-json\/wp\/v2\/categories?post=512324"},{"taxonomy":"post_tag","embeddable":true,"href":"https:\/\/www.planbnoticias.com.ar\/index.php\/wp-json\/wp\/v2\/tags?post=512324"}],"curies":[{"name":"wp","href":"https:\/\/api.w.org\/{rel}","templated":true}]}}