{"id":512327,"date":"2026-09-04T18:11:53","date_gmt":"2026-09-04T21:11:53","guid":{"rendered":"https:\/\/www.planbnoticias.com.ar\/?p=512327"},"modified":"2026-09-04T18:19:43","modified_gmt":"2026-09-04T21:19:43","slug":"nueva-caida-de-la-actividad-automotora","status":"publish","type":"post","link":"https:\/\/www.planbnoticias.com.ar\/index.php\/2026\/09\/04\/nueva-caida-de-la-actividad-automotora\/","title":{"rendered":"Nueva ca\u00edda de la actividad automotora"},"content":{"rendered":"<p><img fetchpriority=\"high\" decoding=\"async\" class=\"alignnone size-full wp-image-505723\" src=\"https:\/\/www.planbnoticias.com.ar\/wp-content\/uploads\/2026\/07\/automotriz.avif\" alt=\"\" width=\"926\" height=\"540\" srcset=\"https:\/\/www.planbnoticias.com.ar\/wp-content\/uploads\/2026\/07\/automotriz.avif 926w, https:\/\/www.planbnoticias.com.ar\/wp-content\/uploads\/2026\/07\/automotriz-300x175.avif 300w, https:\/\/www.planbnoticias.com.ar\/wp-content\/uploads\/2026\/07\/automotriz-768x448.avif 768w, https:\/\/www.planbnoticias.com.ar\/wp-content\/uploads\/2026\/07\/automotriz-585x341.avif 585w\" sizes=\"(max-width: 926px) 100vw, 926px\" \/><\/p>\n<p>La producci\u00f3n, venta y exportaciones del sector automotor registr\u00f3 datos negativos en agosto en las comparaciones interanuales y observ\u00f3 avances con relaci\u00f3n al mes previo.<br \/>\n<script async src=\"\/\/pagead2.googlesyndication.com\/pagead\/js\/adsbygoogle.js\"><\/script><br \/>\n<!-- Publi m\u00f3vil interior nota --><br \/>\n<ins class=\"adsbygoogle\" style=\"display: inline-block; width: 320px; height: 100px;\" data-ad-client=\"ca-pub-7250018434179914\" data-ad-slot=\"1040343543\"><\/ins><br \/>\n<script>\n(adsbygoogle = window.adsbygoogle || []).push({});\n<\/script><br \/>\nLa producci\u00f3n de veh\u00edculos cay\u00f3 un 11,6% respecto de agosto de 2025, al registrar 39.381 unidades, mientras que las ventas mayoristas a concesionarios se situaron un 24,5% por debajo de ese mismo mes, con 39.068 veh\u00edculos entregados.<\/p>\n<p>Asimismo, las exportaciones de agosto alcanzaron las 24.589 unidades, lo que represent\u00f3 una baja de 3,6% interanual.<\/p>\n<p>En el acumulado de los primeros ocho meses, la producci\u00f3n disminuy\u00f3 un 17,1% y las ventas internas retrocedieron un 24,8%.<\/p>\n<p>Ante esta ca\u00edda, desde la presidencia de la entidad fabril se remarc\u00f3 que \u00abla evoluci\u00f3n interanual y los datos acumulados indican que el sector contin\u00faa atravesando un escenario desafiante\u00bb.<\/p>\n<p>Por el contrario, los resultados intermensuales evidenciaron variaciones positivas respecto de julio.<\/p>\n<p>La producci\u00f3n de veh\u00edculos aument\u00f3 un 26,3%, las ventas a la red de concesionarios crecieron un 14,3% frente a las 34.178 unidades de julio, y las exportaciones subieron un 5,2%.<\/p>\n<p>Estos datos fueron informados por la Asociaci\u00f3n de F\u00e1bricas de Automotores (ADEFA), en un comunicado que proces\u00f3 Agencia Noticias Argentinas.<\/p>\n<p>El presidente de la entidad, Rodrigo P\u00e9rez Graziano, dijo que \u00ablos resultados de agosto muestran una recuperaci\u00f3n respecto de julio\u00bb, con lo cual ese dinamismo moriger\u00f3 las ca\u00eddas anuales.<\/p>\n<p>Por \u00faltimo, el \u00fanico indicador con saldo positivo en el acumulado anual de los primeros ocho meses fue la exportaci\u00f3n de veh\u00edculos, con 174.859 unidades despachadas y una suba del 0,9% respecto del a\u00f1o previo.<\/p>\n<p>El directivo de la entidad sostuvo que \u00abel desempe\u00f1o de las exportaciones confirma la capacidad y el potencial de la industria automotriz\u00bb.<\/p>\n<p>Con el fin de sostener este crecimiento externo, se advirti\u00f3 que \u00abser\u00e1 necesario seguir avanzando en una agenda de competitividad que permita continuar ampliando mercados y generar mejores condiciones para la producci\u00f3n, la inversi\u00f3n y el empleo\u00bb.<\/p>\n<p>Fuente y foto: Agencia NA<\/p>\n","protected":false},"excerpt":{"rendered":"<p>La producci\u00f3n, venta y exportaciones del sector automotor registr\u00f3 datos negativos en agosto en las comparaciones interanuales y observ\u00f3 avances con relaci\u00f3n al mes previo. La producci\u00f3n de veh\u00edculos cay\u00f3&hellip;<\/p>\n","protected":false},"author":4,"featured_media":505723,"comment_status":"closed","ping_status":"open","sticky":false,"template":"","format":"standard","meta":{"footnotes":""},"categories":[12],"tags":[],"class_list":["post-512327","post","type-post","status-publish","format-standard","has-post-thumbnail","hentry","category-pais"],"jetpack_featured_media_url":"https:\/\/www.planbnoticias.com.ar\/wp-content\/uploads\/2026\/07\/automotriz.avif","_links":{"self":[{"href":"https:\/\/www.planbnoticias.com.ar\/index.php\/wp-json\/wp\/v2\/posts\/512327","targetHints":{"allow":["GET"]}}],"collection":[{"href":"https:\/\/www.planbnoticias.com.ar\/index.php\/wp-json\/wp\/v2\/posts"}],"about":[{"href":"https:\/\/www.planbnoticias.com.ar\/index.php\/wp-json\/wp\/v2\/types\/post"}],"author":[{"embeddable":true,"href":"https:\/\/www.planbnoticias.com.ar\/index.php\/wp-json\/wp\/v2\/users\/4"}],"replies":[{"embeddable":true,"href":"https:\/\/www.planbnoticias.com.ar\/index.php\/wp-json\/wp\/v2\/comments?post=512327"}],"version-history":[{"count":1,"href":"https:\/\/www.planbnoticias.com.ar\/index.php\/wp-json\/wp\/v2\/posts\/512327\/revisions"}],"predecessor-version":[{"id":512328,"href":"https:\/\/www.planbnoticias.com.ar\/index.php\/wp-json\/wp\/v2\/posts\/512327\/revisions\/512328"}],"wp:featuredmedia":[{"embeddable":true,"href":"https:\/\/www.planbnoticias.com.ar\/index.php\/wp-json\/wp\/v2\/media\/505723"}],"wp:attachment":[{"href":"https:\/\/www.planbnoticias.com.ar\/index.php\/wp-json\/wp\/v2\/media?parent=512327"}],"wp:term":[{"taxonomy":"category","embeddable":true,"href":"https:\/\/www.planbnoticias.com.ar\/index.php\/wp-json\/wp\/v2\/categories?post=512327"},{"taxonomy":"post_tag","embeddable":true,"href":"https:\/\/www.planbnoticias.com.ar\/index.php\/wp-json\/wp\/v2\/tags?post=512327"}],"curies":[{"name":"wp","href":"https:\/\/api.w.org\/{rel}","templated":true}]}}