{"id":512329,"date":"2026-09-04T18:29:20","date_gmt":"2026-09-04T21:29:20","guid":{"rendered":"https:\/\/www.planbnoticias.com.ar\/?p=512329"},"modified":"2026-09-04T18:29:20","modified_gmt":"2026-09-04T21:29:20","slug":"mantienen-vigentes-los-programas-de-forestacion-en-toda-la-pampa","status":"publish","type":"post","link":"https:\/\/www.planbnoticias.com.ar\/index.php\/2026\/09\/04\/mantienen-vigentes-los-programas-de-forestacion-en-toda-la-pampa\/","title":{"rendered":"Mantienen vigentes los programas de forestaci\u00f3n en toda La Pampa"},"content":{"rendered":"<p><img fetchpriority=\"high\" decoding=\"async\" class=\"alignnone size-full wp-image-512331\" src=\"https:\/\/www.planbnoticias.com.ar\/wp-content\/uploads\/2026\/09\/forestacion-programa-1-1.jpg\" alt=\"\" width=\"1000\" height=\"667\" srcset=\"https:\/\/www.planbnoticias.com.ar\/wp-content\/uploads\/2026\/09\/forestacion-programa-1-1.jpg 1000w, https:\/\/www.planbnoticias.com.ar\/wp-content\/uploads\/2026\/09\/forestacion-programa-1-1-300x200.jpg 300w, https:\/\/www.planbnoticias.com.ar\/wp-content\/uploads\/2026\/09\/forestacion-programa-1-1-768x512.jpg 768w, https:\/\/www.planbnoticias.com.ar\/wp-content\/uploads\/2026\/09\/forestacion-programa-1-1-585x390.jpg 585w, https:\/\/www.planbnoticias.com.ar\/wp-content\/uploads\/2026\/09\/forestacion-programa-1-1-263x175.jpg 263w\" sizes=\"(max-width: 1000px) 100vw, 1000px\" \/><br \/>\nEl Ministerio de la Producci\u00f3n de La Pampa mantiene activos distintos programas destinados a promover la forestaci\u00f3n y el arbolado en todo el territorio provincial, con bonificaciones en el valor de las plantas y asistencia t\u00e9cnica especializada. Las iniciativas alcanzan a municipios, comisiones de fomento, instituciones p\u00fablicas y organizaciones no gubernamentales, y contemplan acciones de arbolado urbano, forestaci\u00f3n rural, mitigaci\u00f3n ambiental y promoci\u00f3n de espacios verdes en instituciones educativas, deportivas y comunitarias.<br \/>\n<script async src=\"\/\/pagead2.googlesyndication.com\/pagead\/js\/adsbygoogle.js\"><\/script><br \/>\n<!-- Publi m\u00f3vil interior nota --><br \/>\n<ins class=\"adsbygoogle\" style=\"display: inline-block; width: 320px; height: 100px;\" data-ad-client=\"ca-pub-7250018434179914\" data-ad-slot=\"1040343543\"><\/ins><br \/>\n<script>\n(adsbygoogle = window.adsbygoogle || []).push({});\n<\/script><br \/>\nCon el objetivo de impulsar la producci\u00f3n, el impacto social y el cuidado ambiental, las iniciativas cuentan con importantes bonificaciones en el valor de las plantas y asistencia t\u00e9cnica especializada para el arbolado urbano.<\/p>\n<p>Las especies son producidas en los cinco Viveros Forestales Provinciales situados en Santa Rosa, Caleuf\u00fa, Victorica, Trenel y General Acha. Entre la oferta de ejemplares destacan eucaliptos, pinos, cipreses y latifoliadas como fresnos, acer, para\u00edsos, acacias. Dichos programas est\u00e1n destinados a Municipios, Comisiones de Fomento, Instituciones p\u00fablicas (provinciales y nacionales) y ONGs. Sobre estas acciones el director General de Recursos Naturales, Carlos Bonnemezz\u00f3n, destac\u00f3 a la Agencia Provincial de Noticias que cada programa \u00abtiene caracter\u00edsticas espec\u00edficas, pero apuntan a la producci\u00f3n y conservaci\u00f3n del arbolado, teniendo en cuenta el aporte al ambiente y a la salud de la poblaci\u00f3n\u201d.<\/p>\n<p><strong>Programas vigentes y l\u00edneas de acci\u00f3n<\/strong><br \/>\nArbolado urbano y periurbano: Destinado a plazas, espacios verdes, accesos e instituciones, con especies adaptadas para embellecer las localidades y reducir la contaminaci\u00f3n.<\/p>\n<p>Forestaci\u00f3n rural: ofrece incentivos y bonificaciones para la implantaci\u00f3n de cortinas rompevientos y montes de abrigo para la actividad ganadera y agr\u00edcola.<\/p>\n<p>Mitigaci\u00f3n ambiental: orientado a la recuperaci\u00f3n de suelos, regulaci\u00f3n de cuencas y freno de la erosi\u00f3n mediante la plantaci\u00f3n estrat\u00e9gica de \u00e1rboles.<\/p>\n<p>Instituciones deportivas y p\u00fablicas: brinda asesoramiento t\u00e9cnico y provisi\u00f3n de ejemplares a clubes y espacios comunitarios.<\/p>\n<p>Instituciones educativas: promueve jornadas de educaci\u00f3n ambiental y la plantaci\u00f3n de especies nativas en establecimientos escolares.<\/p>\n<p>Contacto e Informes: para acceder a los beneficios o solicitar asesoramiento t\u00e9cnico, los interesados pueden comunicarse con la Direcci\u00f3n de Recursos Naturales por las siguientes v\u00edas: tel\u00e9fono: (02954) 452600, interno 5086; celular: 2954-15476014; correo electr\u00f3nico: arboladourbanolapampa@gmail.com<\/p>\n","protected":false},"excerpt":{"rendered":"<p>El Ministerio de la Producci\u00f3n de La Pampa mantiene activos distintos programas destinados a promover la forestaci\u00f3n y el arbolado en todo el territorio provincial, con bonificaciones en el valor&hellip;<\/p>\n","protected":false},"author":4,"featured_media":512330,"comment_status":"closed","ping_status":"open","sticky":false,"template":"","format":"standard","meta":{"footnotes":""},"categories":[13],"tags":[],"class_list":["post-512329","post","type-post","status-publish","format-standard","has-post-thumbnail","hentry","category-provincia"],"jetpack_featured_media_url":"https:\/\/www.planbnoticias.com.ar\/wp-content\/uploads\/2026\/09\/forestacion-programa-1.jpg","_links":{"self":[{"href":"https:\/\/www.planbnoticias.com.ar\/index.php\/wp-json\/wp\/v2\/posts\/512329","targetHints":{"allow":["GET"]}}],"collection":[{"href":"https:\/\/www.planbnoticias.com.ar\/index.php\/wp-json\/wp\/v2\/posts"}],"about":[{"href":"https:\/\/www.planbnoticias.com.ar\/index.php\/wp-json\/wp\/v2\/types\/post"}],"author":[{"embeddable":true,"href":"https:\/\/www.planbnoticias.com.ar\/index.php\/wp-json\/wp\/v2\/users\/4"}],"replies":[{"embeddable":true,"href":"https:\/\/www.planbnoticias.com.ar\/index.php\/wp-json\/wp\/v2\/comments?post=512329"}],"version-history":[{"count":1,"href":"https:\/\/www.planbnoticias.com.ar\/index.php\/wp-json\/wp\/v2\/posts\/512329\/revisions"}],"predecessor-version":[{"id":512332,"href":"https:\/\/www.planbnoticias.com.ar\/index.php\/wp-json\/wp\/v2\/posts\/512329\/revisions\/512332"}],"wp:featuredmedia":[{"embeddable":true,"href":"https:\/\/www.planbnoticias.com.ar\/index.php\/wp-json\/wp\/v2\/media\/512330"}],"wp:attachment":[{"href":"https:\/\/www.planbnoticias.com.ar\/index.php\/wp-json\/wp\/v2\/media?parent=512329"}],"wp:term":[{"taxonomy":"category","embeddable":true,"href":"https:\/\/www.planbnoticias.com.ar\/index.php\/wp-json\/wp\/v2\/categories?post=512329"},{"taxonomy":"post_tag","embeddable":true,"href":"https:\/\/www.planbnoticias.com.ar\/index.php\/wp-json\/wp\/v2\/tags?post=512329"}],"curies":[{"name":"wp","href":"https:\/\/api.w.org\/{rel}","templated":true}]}}