{"id":512337,"date":"2026-09-04T19:32:18","date_gmt":"2026-09-04T22:32:18","guid":{"rendered":"https:\/\/www.planbnoticias.com.ar\/?p=512337"},"modified":"2026-09-04T19:32:18","modified_gmt":"2026-09-04T22:32:18","slug":"colapinto-en-monza-hay-que-entender-por-que-empeoramos-bastante","status":"publish","type":"post","link":"https:\/\/www.planbnoticias.com.ar\/index.php\/2026\/09\/04\/colapinto-en-monza-hay-que-entender-por-que-empeoramos-bastante\/","title":{"rendered":"Colapinto en Monza: \u201cHay que entender por qu\u00e9 empeoramos bastante\u201d"},"content":{"rendered":"<p><img fetchpriority=\"high\" decoding=\"async\" class=\"alignnone size-full wp-image-512338\" src=\"https:\/\/www.planbnoticias.com.ar\/wp-content\/uploads\/2026\/09\/colapinto12.avif\" alt=\"\" width=\"811\" height=\"540\" srcset=\"https:\/\/www.planbnoticias.com.ar\/wp-content\/uploads\/2026\/09\/colapinto12.avif 811w, https:\/\/www.planbnoticias.com.ar\/wp-content\/uploads\/2026\/09\/colapinto12-300x200.avif 300w, https:\/\/www.planbnoticias.com.ar\/wp-content\/uploads\/2026\/09\/colapinto12-768x511.avif 768w, https:\/\/www.planbnoticias.com.ar\/wp-content\/uploads\/2026\/09\/colapinto12-585x390.avif 585w, https:\/\/www.planbnoticias.com.ar\/wp-content\/uploads\/2026\/09\/colapinto12-263x175.avif 263w\" sizes=\"(max-width: 811px) 100vw, 811px\" \/><\/p>\n<p>El argentino Franco Colapinto cerr\u00f3 el viernes de entrenamientos del Gran Premio de Italia con sensaciones contrapuestas. El piloto de Alpine fue noveno en la primera pr\u00e1ctica y und\u00e9cimo en la segunda, pero destac\u00f3 especialmente el rendimiento que hab\u00eda mostrado durante la ma\u00f1ana y reconoci\u00f3 que el equipo no logr\u00f3 mantener ese nivel en la FP2.<br \/>\n<script async src=\"\/\/pagead2.googlesyndication.com\/pagead\/js\/adsbygoogle.js\"><\/script><br \/>\n<!-- Publi m\u00f3vil interior nota --><br \/>\n<ins class=\"adsbygoogle\" style=\"display: inline-block; width: 320px; height: 100px;\" data-ad-client=\"ca-pub-7250018434179914\" data-ad-slot=\"1040343543\"><\/ins><br \/>\n<script>\n(adsbygoogle = window.adsbygoogle || []).push({});\n<\/script><br \/>\n\u201cEn el FP1 sal\u00ed, di cuatro vueltas, hice el tiempo y despu\u00e9s tuve un problema con el motor en el low fuel con la soft\u201d, explic\u00f3 Colapinto.<\/p>\n<p>El argentino consider\u00f3 que, sin ese inconveniente, podr\u00eda haber mejorado todav\u00eda m\u00e1s su registro: \u201cTendr\u00eda que haber mejorado cinco d\u00e9cimas. Tendr\u00eda que haber hecho un tiempo parecido al que hice ahora, o un poquito mejor\u201d.<\/p>\n<p>Sin embargo, el panorama cambi\u00f3 durante la segunda sesi\u00f3n. \u201cEn la FP2 est\u00e1bamos un poquito perdidos, creo que dimos un paso para atr\u00e1s\u201d, se\u00f1al\u00f3 el pilarense, quien explic\u00f3 que el monoplaza perdi\u00f3 adherencia y se mostr\u00f3 m\u00e1s dif\u00edcil de controlar.<\/p>\n<p>\u201cEl auto no iba tan bien, iba un poco suelto, no ten\u00eda grip en mitad de curva, iba de trompa a mitad, despu\u00e9s se mov\u00eda m\u00e1s y ten\u00eda menos grip trasero saliendo\u201d, detall\u00f3.<\/p>\n<p>De cara a la continuidad del fin de semana, Colapinto remarc\u00f3 que el objetivo ser\u00e1 recuperar el rendimiento mostrado en la primera pr\u00e1ctica. \u201cEn general no evolucionamos nada, de hecho siento que empeoramos bastante, as\u00ed que hay que entender el porqu\u00e9\u201d, afirm\u00f3.<\/p>\n<p>Adem\u00e1s, valor\u00f3 que el problema del motor ya haya sido solucionado y asegur\u00f3 que el equipo trabajar\u00e1 para llegar mejor preparado a la jornada del s\u00e1bado, cuando se disputar\u00e1n la tercera pr\u00e1ctica y la clasificaci\u00f3n.<\/p>\n<p>Fuente y foto: Agencia NA<\/p>\n","protected":false},"excerpt":{"rendered":"<p>El argentino Franco Colapinto cerr\u00f3 el viernes de entrenamientos del Gran Premio de Italia con sensaciones contrapuestas. El piloto de Alpine fue noveno en la primera pr\u00e1ctica y und\u00e9cimo en&hellip;<\/p>\n","protected":false},"author":4,"featured_media":512338,"comment_status":"closed","ping_status":"open","sticky":false,"template":"","format":"standard","meta":{"footnotes":""},"categories":[6],"tags":[],"class_list":["post-512337","post","type-post","status-publish","format-standard","has-post-thumbnail","hentry","category-deportes"],"jetpack_featured_media_url":"https:\/\/www.planbnoticias.com.ar\/wp-content\/uploads\/2026\/09\/colapinto12.avif","_links":{"self":[{"href":"https:\/\/www.planbnoticias.com.ar\/index.php\/wp-json\/wp\/v2\/posts\/512337","targetHints":{"allow":["GET"]}}],"collection":[{"href":"https:\/\/www.planbnoticias.com.ar\/index.php\/wp-json\/wp\/v2\/posts"}],"about":[{"href":"https:\/\/www.planbnoticias.com.ar\/index.php\/wp-json\/wp\/v2\/types\/post"}],"author":[{"embeddable":true,"href":"https:\/\/www.planbnoticias.com.ar\/index.php\/wp-json\/wp\/v2\/users\/4"}],"replies":[{"embeddable":true,"href":"https:\/\/www.planbnoticias.com.ar\/index.php\/wp-json\/wp\/v2\/comments?post=512337"}],"version-history":[{"count":1,"href":"https:\/\/www.planbnoticias.com.ar\/index.php\/wp-json\/wp\/v2\/posts\/512337\/revisions"}],"predecessor-version":[{"id":512339,"href":"https:\/\/www.planbnoticias.com.ar\/index.php\/wp-json\/wp\/v2\/posts\/512337\/revisions\/512339"}],"wp:featuredmedia":[{"embeddable":true,"href":"https:\/\/www.planbnoticias.com.ar\/index.php\/wp-json\/wp\/v2\/media\/512338"}],"wp:attachment":[{"href":"https:\/\/www.planbnoticias.com.ar\/index.php\/wp-json\/wp\/v2\/media?parent=512337"}],"wp:term":[{"taxonomy":"category","embeddable":true,"href":"https:\/\/www.planbnoticias.com.ar\/index.php\/wp-json\/wp\/v2\/categories?post=512337"},{"taxonomy":"post_tag","embeddable":true,"href":"https:\/\/www.planbnoticias.com.ar\/index.php\/wp-json\/wp\/v2\/tags?post=512337"}],"curies":[{"name":"wp","href":"https:\/\/api.w.org\/{rel}","templated":true}]}}