{"id":512340,"date":"2026-09-04T19:36:05","date_gmt":"2026-09-04T22:36:05","guid":{"rendered":"https:\/\/www.planbnoticias.com.ar\/?p=512340"},"modified":"2026-09-04T19:36:05","modified_gmt":"2026-09-04T22:36:05","slug":"fue-a-una-cita-y-termino-baleado-detuvieron-a-un-joven-de-27-anos","status":"publish","type":"post","link":"https:\/\/www.planbnoticias.com.ar\/index.php\/2026\/09\/04\/fue-a-una-cita-y-termino-baleado-detuvieron-a-un-joven-de-27-anos\/","title":{"rendered":"Fue a una cita y termin\u00f3 baleado: detuvieron a un joven de 27 a\u00f1os"},"content":{"rendered":"<p><img fetchpriority=\"high\" decoding=\"async\" class=\"alignnone size-full wp-image-481152\" src=\"https:\/\/www.planbnoticias.com.ar\/wp-content\/uploads\/2025\/11\/policia-genericaok.jpeg\" alt=\"\" width=\"1280\" height=\"960\" srcset=\"https:\/\/www.planbnoticias.com.ar\/wp-content\/uploads\/2025\/11\/policia-genericaok.jpeg 1280w, https:\/\/www.planbnoticias.com.ar\/wp-content\/uploads\/2025\/11\/policia-genericaok-300x225.jpeg 300w, https:\/\/www.planbnoticias.com.ar\/wp-content\/uploads\/2025\/11\/policia-genericaok-1024x768.jpeg 1024w, https:\/\/www.planbnoticias.com.ar\/wp-content\/uploads\/2025\/11\/policia-genericaok-768x576.jpeg 768w, https:\/\/www.planbnoticias.com.ar\/wp-content\/uploads\/2025\/11\/policia-genericaok-1170x878.jpeg 1170w, https:\/\/www.planbnoticias.com.ar\/wp-content\/uploads\/2025\/11\/policia-genericaok-585x439.jpeg 585w\" sizes=\"(max-width: 1280px) 100vw, 1280px\" \/><\/p>\n<p>Un hombre de 31 a\u00f1os result\u00f3 herido de un disparo en la pierna durante la madrugada de este viernes en el barrio San Cayetano de Santa Rosa. El hecho ocurri\u00f3 alrededor de la 1:25, cuando la Polic\u00eda fue convocada a la zona de Steven al 1900 por la presencia de una persona herida con un arma de fuego. Por el hecho, un joven de 27 a\u00f1os fue detenido y posteriormente se le dictaron 30 d\u00edas de prisi\u00f3n preventiva.<br \/>\n<script async src=\"\/\/pagead2.googlesyndication.com\/pagead\/js\/adsbygoogle.js\"><\/script><br \/>\n<!-- Publi m\u00f3vil interior nota --><br \/>\n<ins class=\"adsbygoogle\" style=\"display: inline-block; width: 320px; height: 100px;\" data-ad-client=\"ca-pub-7250018434179914\" data-ad-slot=\"1040343543\"><\/ins><br \/>\n<script>\n(adsbygoogle = window.adsbygoogle || []).push({});\n<\/script><br \/>\nDe acuerdo con la informaci\u00f3n brindada por la Seccional Segunda, al llegar al lugar los efectivos entrevistaron a un hombre de 31 a\u00f1os, quien presentaba una herida de arma de fuego en la pierna derecha, a la altura del gemelo.<\/p>\n<p>El herido explic\u00f3 que hab\u00eda concurrido a un sector ubicado sobre calle Alemania, entre Beto Lara y Maldonado, a ra\u00edz de una cita con una joven. Al llegar, se encontr\u00f3 con un grupo de hombres, entre los que reconoci\u00f3 a una persona con la que manten\u00eda problemas de vieja data.<\/p>\n<p>Seg\u00fan su relato, se produjo una discusi\u00f3n y, en determinado momento, el otro hombre efectu\u00f3 un disparo que impact\u00f3 en su pierna.<\/p>\n<p>Una ambulancia del Servicio de Emergencias M\u00e9dicas asisti\u00f3 al herido y lo traslad\u00f3 al Hospital Ren\u00e9 Favaloro. Posteriormente, fue sometido a una intervenci\u00f3n quir\u00fargica debido a que el proyectil le provoc\u00f3 una fractura de tibia.<\/p>\n<p>Mientras tanto, personal policial realiz\u00f3 tareas investigativas en la zona y relev\u00f3 distintas c\u00e1maras de seguridad. El material obtenido result\u00f3 de importancia para avanzar en la identificaci\u00f3n del presunto autor.<\/p>\n<p>A partir de esas tareas, los investigadores se dirigieron hasta un domicilio ubicado en calle Italia al 2000, donde procedieron a la demora de un hombre de 27 a\u00f1os, se\u00f1alado como el presunto autor del disparo y conocido por la v\u00edctima.<\/p>\n<p>Durante el procedimiento tambi\u00e9n se realiz\u00f3 un allanamiento en el domicilio durante el mediod\u00eda, aunque no se logr\u00f3 encontrar el arma de fuego utilizada en el hecho.<\/p>\n<p>En el marco de la investigaci\u00f3n, la Polic\u00eda tambi\u00e9n tom\u00f3 conocimiento de otra situaci\u00f3n vinculada al origen del conflicto. Seg\u00fan manifest\u00f3 la pareja del imputado, el hombre herido habr\u00eda enviado mensajes con intenci\u00f3n de concretar una cita a una de las hijas menores de edad de la familia. Por esta circunstancia se dio intervenci\u00f3n a la Unidad Funcional correspondiente para que investigue de manera paralela la situaci\u00f3n.<\/p>\n<p>El acusado fue trasladado este viernes a la sede de Fiscal\u00eda, donde fue formalizado y se dispuso una prisi\u00f3n preventiva por 30 d\u00edas.<\/p>\n<p>La causa fue iniciada como herida de arma de fuego y qued\u00f3 a disposici\u00f3n de la Fiscal\u00eda de Delitos contra las Personas.<\/p>\n","protected":false},"excerpt":{"rendered":"<p>Un hombre de 31 a\u00f1os result\u00f3 herido de un disparo en la pierna durante la madrugada de este viernes en el barrio San Cayetano de Santa Rosa. El hecho ocurri\u00f3&hellip;<\/p>\n","protected":false},"author":4,"featured_media":481152,"comment_status":"closed","ping_status":"open","sticky":false,"template":"","format":"standard","meta":{"footnotes":""},"categories":[4],"tags":[],"class_list":["post-512340","post","type-post","status-publish","format-standard","has-post-thumbnail","hentry","category-ciudad"],"jetpack_featured_media_url":"https:\/\/www.planbnoticias.com.ar\/wp-content\/uploads\/2025\/11\/policia-genericaok.jpeg","_links":{"self":[{"href":"https:\/\/www.planbnoticias.com.ar\/index.php\/wp-json\/wp\/v2\/posts\/512340","targetHints":{"allow":["GET"]}}],"collection":[{"href":"https:\/\/www.planbnoticias.com.ar\/index.php\/wp-json\/wp\/v2\/posts"}],"about":[{"href":"https:\/\/www.planbnoticias.com.ar\/index.php\/wp-json\/wp\/v2\/types\/post"}],"author":[{"embeddable":true,"href":"https:\/\/www.planbnoticias.com.ar\/index.php\/wp-json\/wp\/v2\/users\/4"}],"replies":[{"embeddable":true,"href":"https:\/\/www.planbnoticias.com.ar\/index.php\/wp-json\/wp\/v2\/comments?post=512340"}],"version-history":[{"count":1,"href":"https:\/\/www.planbnoticias.com.ar\/index.php\/wp-json\/wp\/v2\/posts\/512340\/revisions"}],"predecessor-version":[{"id":512341,"href":"https:\/\/www.planbnoticias.com.ar\/index.php\/wp-json\/wp\/v2\/posts\/512340\/revisions\/512341"}],"wp:featuredmedia":[{"embeddable":true,"href":"https:\/\/www.planbnoticias.com.ar\/index.php\/wp-json\/wp\/v2\/media\/481152"}],"wp:attachment":[{"href":"https:\/\/www.planbnoticias.com.ar\/index.php\/wp-json\/wp\/v2\/media?parent=512340"}],"wp:term":[{"taxonomy":"category","embeddable":true,"href":"https:\/\/www.planbnoticias.com.ar\/index.php\/wp-json\/wp\/v2\/categories?post=512340"},{"taxonomy":"post_tag","embeddable":true,"href":"https:\/\/www.planbnoticias.com.ar\/index.php\/wp-json\/wp\/v2\/tags?post=512340"}],"curies":[{"name":"wp","href":"https:\/\/api.w.org\/{rel}","templated":true}]}}