{"id":512345,"date":"2026-09-04T19:45:48","date_gmt":"2026-09-04T22:45:48","guid":{"rendered":"https:\/\/www.planbnoticias.com.ar\/?p=512345"},"modified":"2026-09-04T19:45:48","modified_gmt":"2026-09-04T22:45:48","slug":"mas-controles-y-mas-tecnologia-la-pampa-fortalece-la-cooperacion-con-buenos-aires","status":"publish","type":"post","link":"https:\/\/www.planbnoticias.com.ar\/index.php\/2026\/09\/04\/mas-controles-y-mas-tecnologia-la-pampa-fortalece-la-cooperacion-con-buenos-aires\/","title":{"rendered":"M\u00e1s controles y m\u00e1s tecnolog\u00eda: La Pampa fortalece la cooperaci\u00f3n con Buenos Aires"},"content":{"rendered":"<p><img fetchpriority=\"high\" decoding=\"async\" class=\"alignnone size-full wp-image-512346\" src=\"https:\/\/www.planbnoticias.com.ar\/wp-content\/uploads\/2026\/09\/policia-buenos-aires-la-pampa-1.jpg\" alt=\"\" width=\"1000\" height=\"666\" srcset=\"https:\/\/www.planbnoticias.com.ar\/wp-content\/uploads\/2026\/09\/policia-buenos-aires-la-pampa-1.jpg 1000w, https:\/\/www.planbnoticias.com.ar\/wp-content\/uploads\/2026\/09\/policia-buenos-aires-la-pampa-1-300x200.jpg 300w, https:\/\/www.planbnoticias.com.ar\/wp-content\/uploads\/2026\/09\/policia-buenos-aires-la-pampa-1-768x511.jpg 768w, https:\/\/www.planbnoticias.com.ar\/wp-content\/uploads\/2026\/09\/policia-buenos-aires-la-pampa-1-585x390.jpg 585w, https:\/\/www.planbnoticias.com.ar\/wp-content\/uploads\/2026\/09\/policia-buenos-aires-la-pampa-1-263x175.jpg 263w\" sizes=\"(max-width: 1000px) 100vw, 1000px\" \/><\/p>\n<p>La Pampa y Buenos Aires profundizar\u00e1n durante los pr\u00f3ximos 24 meses el trabajo conjunto en materia de seguridad, luego de que los gobernadores Sergio Ziliotto y Axel Kicillof acordaran prorrogar el convenio de colaboraci\u00f3n firmado en 2024. El acuerdo permitir\u00e1 sostener y ampliar los operativos en zonas lim\u00edtrofes, el uso de drones y tecnolog\u00eda de vigilancia, el intercambio de informaci\u00f3n y herramientas, y las instancias de capacitaci\u00f3n destinadas al personal policial de ambas provincias.<\/p>\n<p>La pr\u00f3rroga por otros 24 meses del convenio suscripto por las provincias en 2024 permitir\u00e1 profundizar una pol\u00edtica de cooperaci\u00f3n que ya se tradujo en operativos conjuntos, vigilancia a\u00e9rea con tecnolog\u00eda de \u00faltima generaci\u00f3n, controles en zonas lim\u00edtrofes y capacitaci\u00f3n de personal policial.<\/p>\n<p>Los gobernadores Sergio Ziliotto y Axel Kicillof acordaron d\u00edas atr\u00e1s extender por otros 24 meses el convenio espec\u00edfico de colaboraci\u00f3n en materia de seguridad entre La Pampa y Buenos Aires, dando continuidad al trabajo conjunto que ambas provincias desarrollan desde junio de 2024.<\/p>\n<p>La pr\u00f3rroga permitir\u00e1 profundizar la coordinaci\u00f3n operativa en las zonas lim\u00edtrofes, la asistencia t\u00e9cnica, la capacitaci\u00f3n de los equipos y el intercambio de herramientas tecnol\u00f3gicas aplicadas a la seguridad. Se trata de una l\u00ednea de cooperaci\u00f3n que durante los \u00faltimos dos a\u00f1os permiti\u00f3 integrar capacidades y recursos de las dos jurisdicciones para fortalecer las tareas de prevenci\u00f3n, control y formaci\u00f3n policial.<\/p>\n<p><strong>Trabajo operativo conjunto<\/strong><\/p>\n<p>Las primeras acciones en territorio se desarrollaron en agosto de 2024, cuando Catril\u00f3 fue sede de las Primeras Jornadas Interprovinciales de Seguridad en \u00c1mbitos Rurales, con participaci\u00f3n de polic\u00edas, autoridades ministeriales, fiscales y representantes de las \u00e1reas vinculadas con la seguridad rural.<\/p>\n<p>La actividad permiti\u00f3 intercambiar experiencias, analizar las caracter\u00edsticas de las zonas lim\u00edtrofes y establecer mecanismos comunes de intervenci\u00f3n. Como parte de la jornada se desplegaron puestos fijos coordinados y vigilancia a\u00e9rea mediante un dron de la Polic\u00eda bonaerense en una amplia zona rural comprendida entre Pellegrini, Catril\u00f3 y sectores pr\u00f3ximos a la Ruta Nacional 5.<\/p>\n<p>Durante 2025 se profundiz\u00f3 la planificaci\u00f3n operativa y la incorporaci\u00f3n de tecnolog\u00eda. En mayo se desarrollaron patrullajes terrestres, operativos nocturnos y vigilancia mediante drones de largo alcance equipados con c\u00e1maras t\u00e9rmicas y sistemas de visi\u00f3n nocturna.<\/p>\n<p>El Aut\u00f3dromo Provincia de La Pampa funcion\u00f3 como centro de control y base de operaciones para coordinar las intervenciones y monitorear los vuelos sobre sectores rurales de Parque Luro, Naic\u00f3 y Quehu\u00e9. Las tareas reunieron a las polic\u00edas rurales de ambas provincias y fiscales especializados para fortalecer la prevenci\u00f3n del abigeato, el furtivismo y otros delitos rurales.<\/p>\n<p><strong>Coordinaci\u00f3n interprovincial<\/strong><\/p>\n<p>A partir de esta experiencia, la cooperaci\u00f3n se extendi\u00f3 tambi\u00e9n a operativos interprovinciales de control y fiscalizaci\u00f3n, planificados de acuerdo con objetivos estrat\u00e9gicos y las caracter\u00edsticas de cada intervenci\u00f3n.<\/p>\n<p>Estos dispositivos articulan \u00e1reas espec\u00edficas de las fuerzas de seguridad, entre ellas Seguridad Rural, Operaciones, Lucha contra el Narcotr\u00e1fico y Seguridad Vial, junto con los organismos que correspondan en cada caso.<\/p>\n<p>La modalidad permite concentrar recursos humanos, tecnol\u00f3gicos y log\u00edsticos y establecer controles m\u00f3viles y est\u00e1ticos en rutas, caminos vecinales, puestos camineros y zonas rurales. Las acciones comprenden prevenci\u00f3n de delitos, control de veh\u00edculos y documentaci\u00f3n, fiscalizaci\u00f3n del transporte, narcotr\u00e1fico, seguridad rural y vigilancia de las zonas lim\u00edtrofes.<\/p>\n<p>En abril de este a\u00f1o se realiz\u00f3 un nuevo despliegue que combin\u00f3 vigilancia a\u00e9rea, patrullajes nocturnos y controles terrestres. Participaron efectivos de las Unidades Regionales I, III y IV de la Polic\u00eda de La Pampa junto con personal bonaerense, con intervenciones en Victorica, Loventu\u00e9, Tel\u00e9n, General Acha, Chacharramendi y sectores rurales pr\u00f3ximos a Santa Rosa.<\/p>\n<p>La utilizaci\u00f3n de drones de largo alcance y aeronaves t\u00e1cticas con c\u00e1maras t\u00e9rmicas y visi\u00f3n infrarroja permiti\u00f3 detectar movimientos compatibles con caza furtiva en inmediaciones de las rutas provinciales 9 y 14 y transmitir la informaci\u00f3n en tiempo real a los efectivos desplegados en tierra. Los procedimientos permitieron adem\u00e1s detectar infracciones a la normativa cineg\u00e9tica, situaciones de caza ilegal y transporte irregular de productos.<\/p>\n<p><strong>Formaci\u00f3n y capacitaci\u00f3n<\/strong><\/p>\n<p>El convenio permiti\u00f3 asimismo ampliar las oportunidades de capacitaci\u00f3n para el personal de seguridad de La Pampa mediante el acceso a propuestas del Instituto Universitario Policial Provincial Comisario General Honoris Causa Juan Vucetich.<\/p>\n<p>Diez efectivos provinciales pertenecientes al \u00c1rea de Seguridad Rural realizaron la Diplomatura en Seguridad Rural, mientras que funcionarios y equipos del Ministerio de Seguridad y Justicia e integrantes del Instituto Superior Policial accedieron a la Diplomatura en Docencia Universitaria en el \u00c1rea de Seguridad.<\/p>\n<p>La cooperaci\u00f3n tambi\u00e9n posibilit\u00f3 que integrantes de los equipos de formaci\u00f3n y conducci\u00f3n acad\u00e9mica del Instituto Universitario Vucetich desarrollaran durante el primer trimestre de 2026 jornadas de capacitaci\u00f3n destinadas a instructores del Instituto Superior Policial de La Pampa. Antes de finalizar el a\u00f1o est\u00e1 prevista una segunda instancia.<\/p>\n<p>Desde el Ministerio de Seguridad y Justicia destacaron que \u201clas jornadas y ofertas acad\u00e9micas a las que accedemos forman parte de un intercambio mucho m\u00e1s intensivo, de colaboraci\u00f3n, de experiencias, de miradas sobre la formaci\u00f3n para la seguridad ciudadana, que nos ayuda a crecer\u201d.<\/p>\n","protected":false},"excerpt":{"rendered":"<p>La Pampa y Buenos Aires profundizar\u00e1n durante los pr\u00f3ximos 24 meses el trabajo conjunto en materia de seguridad, luego de que los gobernadores Sergio Ziliotto y Axel Kicillof acordaran prorrogar&hellip;<\/p>\n","protected":false},"author":4,"featured_media":512346,"comment_status":"closed","ping_status":"open","sticky":false,"template":"","format":"standard","meta":{"footnotes":""},"categories":[7,13],"tags":[],"class_list":["post-512345","post","type-post","status-publish","format-standard","has-post-thumbnail","hentry","category-destacadas","category-provincia"],"jetpack_featured_media_url":"https:\/\/www.planbnoticias.com.ar\/wp-content\/uploads\/2026\/09\/policia-buenos-aires-la-pampa-1.jpg","_links":{"self":[{"href":"https:\/\/www.planbnoticias.com.ar\/index.php\/wp-json\/wp\/v2\/posts\/512345","targetHints":{"allow":["GET"]}}],"collection":[{"href":"https:\/\/www.planbnoticias.com.ar\/index.php\/wp-json\/wp\/v2\/posts"}],"about":[{"href":"https:\/\/www.planbnoticias.com.ar\/index.php\/wp-json\/wp\/v2\/types\/post"}],"author":[{"embeddable":true,"href":"https:\/\/www.planbnoticias.com.ar\/index.php\/wp-json\/wp\/v2\/users\/4"}],"replies":[{"embeddable":true,"href":"https:\/\/www.planbnoticias.com.ar\/index.php\/wp-json\/wp\/v2\/comments?post=512345"}],"version-history":[{"count":1,"href":"https:\/\/www.planbnoticias.com.ar\/index.php\/wp-json\/wp\/v2\/posts\/512345\/revisions"}],"predecessor-version":[{"id":512347,"href":"https:\/\/www.planbnoticias.com.ar\/index.php\/wp-json\/wp\/v2\/posts\/512345\/revisions\/512347"}],"wp:featuredmedia":[{"embeddable":true,"href":"https:\/\/www.planbnoticias.com.ar\/index.php\/wp-json\/wp\/v2\/media\/512346"}],"wp:attachment":[{"href":"https:\/\/www.planbnoticias.com.ar\/index.php\/wp-json\/wp\/v2\/media?parent=512345"}],"wp:term":[{"taxonomy":"category","embeddable":true,"href":"https:\/\/www.planbnoticias.com.ar\/index.php\/wp-json\/wp\/v2\/categories?post=512345"},{"taxonomy":"post_tag","embeddable":true,"href":"https:\/\/www.planbnoticias.com.ar\/index.php\/wp-json\/wp\/v2\/tags?post=512345"}],"curies":[{"name":"wp","href":"https:\/\/api.w.org\/{rel}","templated":true}]}}