{"id":512350,"date":"2026-09-04T20:07:31","date_gmt":"2026-09-04T23:07:31","guid":{"rendered":"https:\/\/www.planbnoticias.com.ar\/?p=512350"},"modified":"2026-09-04T20:07:31","modified_gmt":"2026-09-04T23:07:31","slug":"el-pcr-cuestiono-a-milei-por-su-discurso-sobre-malvinas-quiere-usar-la-causa","status":"publish","type":"post","link":"https:\/\/www.planbnoticias.com.ar\/index.php\/2026\/09\/04\/el-pcr-cuestiono-a-milei-por-su-discurso-sobre-malvinas-quiere-usar-la-causa\/","title":{"rendered":"El PCR cuestion\u00f3 a Milei por su discurso sobre Malvinas: \u201cQuiere usar la causa\u201d"},"content":{"rendered":"<p><img fetchpriority=\"high\" decoding=\"async\" class=\"alignnone size-full wp-image-454518\" src=\"https:\/\/www.planbnoticias.com.ar\/wp-content\/uploads\/2025\/04\/milei-malvinas.webp\" alt=\"\" width=\"1081\" height=\"720\" srcset=\"https:\/\/www.planbnoticias.com.ar\/wp-content\/uploads\/2025\/04\/milei-malvinas.webp 1081w, https:\/\/www.planbnoticias.com.ar\/wp-content\/uploads\/2025\/04\/milei-malvinas-300x200.webp 300w, https:\/\/www.planbnoticias.com.ar\/wp-content\/uploads\/2025\/04\/milei-malvinas-1024x682.webp 1024w, https:\/\/www.planbnoticias.com.ar\/wp-content\/uploads\/2025\/04\/milei-malvinas-768x512.webp 768w, https:\/\/www.planbnoticias.com.ar\/wp-content\/uploads\/2025\/04\/milei-malvinas-585x390.webp 585w, https:\/\/www.planbnoticias.com.ar\/wp-content\/uploads\/2025\/04\/milei-malvinas-263x175.webp 263w\" sizes=\"(max-width: 1081px) 100vw, 1081px\" \/><\/p>\n<p>El Partido Comunista Revolucionario (PCR) cuestion\u00f3 duramente al presidente Javier Milei por sus recientes anuncios y declaraciones vinculadas con la soberan\u00eda sobre las Islas Malvinas. En un comunicado difundido este jueves, el espacio pol\u00edtico sostuvo que el Gobierno busca utilizar la causa Malvinas frente al crecimiento de los reclamos contra sus pol\u00edticas econ\u00f3micas y calific\u00f3 como \u201cfalsa defensa\u201d de la soberan\u00eda los anuncios realizados por el mandatario en cadena nacional.<br \/>\n<script async src=\"\/\/pagead2.googlesyndication.com\/pagead\/js\/adsbygoogle.js\"><\/script><br \/>\n<!-- Publi m\u00f3vil interior nota --><br \/>\n<ins class=\"adsbygoogle\" style=\"display: inline-block; width: 320px; height: 100px;\" data-ad-client=\"ca-pub-7250018434179914\" data-ad-slot=\"1040343543\"><\/ins><br \/>\n<script>\n(adsbygoogle = window.adsbygoogle || []).push({});\n<\/script><br \/>\nDesde el partido Comunista Revolucionario expresaron textualmente lo siguiente:<\/p>\n<p><em>El gobierno de Milei, tras 1000 d\u00edas de aplicar un plan de ajuste y entrega fenomenal pretende usar la causa de Malvinas frente a la bronca que crece. Luego del inmenso apoyo popular a los reclamos por nuestra soberan\u00eda expresados por los jugadores de la selecci\u00f3n de f\u00fatbol, trata de borrar con el codo lo que viene escribiendo con la mano desde que asumi\u00f3, con un discurso disfrazado de \u201cnacionalista\u201d.<\/em><\/p>\n<p><em>Milei propuso en su cadena nacional parar con la lucha contra su pol\u00edtica de ajuste y entrega para unirse a su gobierno en una falsa defensa de la causa de Malvinas y la soberan\u00eda. Lo hace en momentos en que crecen las luchas y sus pol\u00edticas hacen agua poniendo en peligro el proyecto de los sectores m\u00e1s reaccionarios de las clases dominantes que Milei representa.<\/em><\/p>\n<p><em>Con una pol\u00edtica totalmente subordinada al presidente yanqui Trump y al genocida Netanyahu, y tras haber dicho varias veces que admira a la asesina de nuestros soldados Margaret Thatcher, nos quiere hacer creer que de golpe se volvi\u00f3 patriota y malvinero. Es imposible pelear por la soberan\u00eda de la mano de Estados Unidos.<\/em><\/p>\n<p><em>Por cadena nacional anunci\u00f3 que va a \u201caplicar sanciones\u201d a la empresa israel\u00ed Navitas Petroleum y la brit\u00e1nica Rockhopper Exploration, que est\u00e1n por comenzar a extraer petr\u00f3leo en la cuenca norte de las islas, dando como si fueran de su gobierno leyes que ya exist\u00edan y que ellos nunca aplicaron. Puro humo sin consecuencias pr\u00e1cticas.<\/em><\/p>\n<p><em>Anunci\u00f3 tambi\u00e9n la construcci\u00f3n de una base naval en Tierra del Fuego, que se comenz\u00f3 a hacer en 2022 y este gobierno fren\u00f3, poniendo en venta propiedades de la Armada en la isla. Esto es uno de los objetivos declarados del Comando Sur de los yanquis: tener una base all\u00ed.<\/em><\/p>\n<p><em>Tambi\u00e9n anunci\u00f3 un Consejo de Seguridad con amplios poderes en el marco del Escudo de las Am\u00e9ricas que reintrodujo en la Argentina una pol\u00edtica de seguridad interna como la practicada durante d\u00e9cadas por distintas dictaduras militares.<\/em><\/p>\n<p><em>Milei habl\u00f3 de la importancia de los recursos naturales que se encuentran en la Ant\u00e1rtida, a los que pretende ponerle bandera de remate como viene haciendo con empresas y bienes estatales, y como intent\u00f3 hacer con la ley de extranjerizaci\u00f3n de las tierras que la inmensa movilizaci\u00f3n popular en todo el pa\u00eds impidi\u00f3 que se vote en el Senado el 6 de agosto.<\/em><\/p>\n<p><em>Haciendo gala de su pol\u00edtica rastrera y cipaya, Milei dijo que Trump \u201ceval\u00faa un cambio de posici\u00f3n porque sabe que en Argentina tiene un aliado valioso con una posici\u00f3n estrat\u00e9gica\u201d. Vende la idea de que los Estados Unidos van a romper con Gran Breta\u00f1a, uno de sus socios principales estrat\u00e9gicos en la OTAN.<\/em><\/p>\n<p><em>No creemos nada de las palabras de Milei porque su pol\u00edtica va precisamente en la direcci\u00f3n contraria de la causa Malvinas. Seguiremos profundizando el camino de la m\u00e1s amplia unidad para la lucha contra su pol\u00edtica de hambre, superexplotaci\u00f3n y entrega.<\/em><\/p>\n<p><em>S\u00f3lo derrotando esta pol\u00edtica podremos avanzar en la justa recuperaci\u00f3n de nuestras Islas Malvinas, Georgias y Sandwich del Sur, ocupadas por el colonialismo imperialista ingl\u00e9s.<\/em><\/p>\n<p><em>\u00a1A Malvinas volveremos sin Milei y sin pasaporte!<\/em><\/p>\n","protected":false},"excerpt":{"rendered":"<p>El Partido Comunista Revolucionario (PCR) cuestion\u00f3 duramente al presidente Javier Milei por sus recientes anuncios y declaraciones vinculadas con la soberan\u00eda sobre las Islas Malvinas. En un comunicado difundido este&hellip;<\/p>\n","protected":false},"author":4,"featured_media":454518,"comment_status":"closed","ping_status":"open","sticky":false,"template":"","format":"standard","meta":{"footnotes":""},"categories":[13],"tags":[],"class_list":["post-512350","post","type-post","status-publish","format-standard","has-post-thumbnail","hentry","category-provincia"],"jetpack_featured_media_url":"https:\/\/www.planbnoticias.com.ar\/wp-content\/uploads\/2025\/04\/milei-malvinas.webp","_links":{"self":[{"href":"https:\/\/www.planbnoticias.com.ar\/index.php\/wp-json\/wp\/v2\/posts\/512350","targetHints":{"allow":["GET"]}}],"collection":[{"href":"https:\/\/www.planbnoticias.com.ar\/index.php\/wp-json\/wp\/v2\/posts"}],"about":[{"href":"https:\/\/www.planbnoticias.com.ar\/index.php\/wp-json\/wp\/v2\/types\/post"}],"author":[{"embeddable":true,"href":"https:\/\/www.planbnoticias.com.ar\/index.php\/wp-json\/wp\/v2\/users\/4"}],"replies":[{"embeddable":true,"href":"https:\/\/www.planbnoticias.com.ar\/index.php\/wp-json\/wp\/v2\/comments?post=512350"}],"version-history":[{"count":1,"href":"https:\/\/www.planbnoticias.com.ar\/index.php\/wp-json\/wp\/v2\/posts\/512350\/revisions"}],"predecessor-version":[{"id":512351,"href":"https:\/\/www.planbnoticias.com.ar\/index.php\/wp-json\/wp\/v2\/posts\/512350\/revisions\/512351"}],"wp:featuredmedia":[{"embeddable":true,"href":"https:\/\/www.planbnoticias.com.ar\/index.php\/wp-json\/wp\/v2\/media\/454518"}],"wp:attachment":[{"href":"https:\/\/www.planbnoticias.com.ar\/index.php\/wp-json\/wp\/v2\/media?parent=512350"}],"wp:term":[{"taxonomy":"category","embeddable":true,"href":"https:\/\/www.planbnoticias.com.ar\/index.php\/wp-json\/wp\/v2\/categories?post=512350"},{"taxonomy":"post_tag","embeddable":true,"href":"https:\/\/www.planbnoticias.com.ar\/index.php\/wp-json\/wp\/v2\/tags?post=512350"}],"curies":[{"name":"wp","href":"https:\/\/api.w.org\/{rel}","templated":true}]}}