{"id":512352,"date":"2026-09-04T20:54:26","date_gmt":"2026-09-04T23:54:26","guid":{"rendered":"https:\/\/www.planbnoticias.com.ar\/?p=512352"},"modified":"2026-09-04T20:54:26","modified_gmt":"2026-09-04T23:54:26","slug":"di-napoli-encabezo-el-homenaje-a-ana-maria-lassalle","status":"publish","type":"post","link":"https:\/\/www.planbnoticias.com.ar\/index.php\/2026\/09\/04\/di-napoli-encabezo-el-homenaje-a-ana-maria-lassalle\/","title":{"rendered":"Di N\u00e1poli encabez\u00f3 el homenaje a Ana Mar\u00eda Lassalle"},"content":{"rendered":"<p><img fetchpriority=\"high\" decoding=\"async\" class=\"alignnone size-full wp-image-512353\" src=\"https:\/\/www.planbnoticias.com.ar\/wp-content\/uploads\/2026\/09\/cenizas-ana-maria-lasalle4.jpg\" alt=\"\" width=\"1000\" height=\"750\" srcset=\"https:\/\/www.planbnoticias.com.ar\/wp-content\/uploads\/2026\/09\/cenizas-ana-maria-lasalle4.jpg 1000w, https:\/\/www.planbnoticias.com.ar\/wp-content\/uploads\/2026\/09\/cenizas-ana-maria-lasalle4-300x225.jpg 300w, https:\/\/www.planbnoticias.com.ar\/wp-content\/uploads\/2026\/09\/cenizas-ana-maria-lasalle4-768x576.jpg 768w, https:\/\/www.planbnoticias.com.ar\/wp-content\/uploads\/2026\/09\/cenizas-ana-maria-lasalle4-585x439.jpg 585w\" sizes=\"(max-width: 1000px) 100vw, 1000px\" \/><\/p>\n<p>Las cenizas de Ana Mar\u00eda Lassalle fueron trasladadas al Pante\u00f3n \u201cMemorial Cultural\u201d del Cementerio de Santa Rosa, donde ahora descansan junto a los restos del poeta Juan Carlos Bustriazo Ortiz. El homenaje reuni\u00f3 a familiares, integrantes de la Asociaci\u00f3n Pampeana de Escritores, escritoras, escritores, autoridades y concejales, quienes recordaron la trayectoria de la periodista, defensora de los derechos sociales, cofundadora de la APE y Ciudadana Ilustre de la capital pampeana.<br \/>\n<script async src=\"\/\/pagead2.googlesyndication.com\/pagead\/js\/adsbygoogle.js\"><\/script><br \/>\n<!-- Publi m\u00f3vil interior nota --><br \/>\n<ins class=\"adsbygoogle\" style=\"display: inline-block; width: 320px; height: 100px;\" data-ad-client=\"ca-pub-7250018434179914\" data-ad-slot=\"1040343543\"><\/ins><br \/>\n<script>\n(adsbygoogle = window.adsbygoogle || []).push({});\n<\/script><br \/>\nEl intendente de Santa Rosa, Luciano di N\u00e1poli, manifest\u00f3 en las redes sociales que \u00abHoy compartimos una ma\u00f1ana muy emotiva: acompa\u00f1amos el traslado de las cenizas de Ana Mar\u00eda Lassalle al Pante\u00f3n \u201cMemorial Cultural\u201d del Cementerio local, donde sus restos ya descansan junto a los del poeta Juan Carlos Bustriazo Ort\u00edz\u00bb.<\/p>\n<p>Destac\u00f3 que se record\u00f3 a \u00abuna referente de nuestra cultura, periodista, defensora de los derechos sociales, cofundadora de la Asociaci\u00f3n Pampeana de Escritores (APE) y Ciudadana Ilustre de la capital pampeana. Durante el homenaje descubrimos placas alusivas realizadas por estudiantes de la Tecnicatura de Cer\u00e1mica y Artes del Fuego de la Escuela Municipal de Santa Rosa (EMSAR), y compartimos un momento inolvidable junto a sus familiares, integrantes de la APE, escritoras, escritores, autoridades y concejales\u00bb.<\/p>\n<p>Di N\u00e1poli coment\u00f3 que \u00abEscuchamos algunos de sus poemas y recuerdos compartidos por Anamar\u00eda Mayol, Silvio Tejada, Jos\u00e9 Carlos Depetris y Sandra Emmi, sumado al cierre a cargo de Juani de Pian, que comparti\u00f3 su m\u00fasica\u00bb.<\/p>\n<p>Finalmente expres\u00f3 que \u00abLa memoria y la cultura nos ense\u00f1an que la \u00fanica salida es encontrarnos y estar todos juntos\u00bb.<\/p>\n","protected":false},"excerpt":{"rendered":"<p>Las cenizas de Ana Mar\u00eda Lassalle fueron trasladadas al Pante\u00f3n \u201cMemorial Cultural\u201d del Cementerio de Santa Rosa, donde ahora descansan junto a los restos del poeta Juan Carlos Bustriazo Ortiz.&hellip;<\/p>\n","protected":false},"author":4,"featured_media":512353,"comment_status":"closed","ping_status":"open","sticky":false,"template":"","format":"standard","meta":{"footnotes":""},"categories":[4],"tags":[],"class_list":["post-512352","post","type-post","status-publish","format-standard","has-post-thumbnail","hentry","category-ciudad"],"jetpack_featured_media_url":"https:\/\/www.planbnoticias.com.ar\/wp-content\/uploads\/2026\/09\/cenizas-ana-maria-lasalle4.jpg","_links":{"self":[{"href":"https:\/\/www.planbnoticias.com.ar\/index.php\/wp-json\/wp\/v2\/posts\/512352","targetHints":{"allow":["GET"]}}],"collection":[{"href":"https:\/\/www.planbnoticias.com.ar\/index.php\/wp-json\/wp\/v2\/posts"}],"about":[{"href":"https:\/\/www.planbnoticias.com.ar\/index.php\/wp-json\/wp\/v2\/types\/post"}],"author":[{"embeddable":true,"href":"https:\/\/www.planbnoticias.com.ar\/index.php\/wp-json\/wp\/v2\/users\/4"}],"replies":[{"embeddable":true,"href":"https:\/\/www.planbnoticias.com.ar\/index.php\/wp-json\/wp\/v2\/comments?post=512352"}],"version-history":[{"count":1,"href":"https:\/\/www.planbnoticias.com.ar\/index.php\/wp-json\/wp\/v2\/posts\/512352\/revisions"}],"predecessor-version":[{"id":512354,"href":"https:\/\/www.planbnoticias.com.ar\/index.php\/wp-json\/wp\/v2\/posts\/512352\/revisions\/512354"}],"wp:featuredmedia":[{"embeddable":true,"href":"https:\/\/www.planbnoticias.com.ar\/index.php\/wp-json\/wp\/v2\/media\/512353"}],"wp:attachment":[{"href":"https:\/\/www.planbnoticias.com.ar\/index.php\/wp-json\/wp\/v2\/media?parent=512352"}],"wp:term":[{"taxonomy":"category","embeddable":true,"href":"https:\/\/www.planbnoticias.com.ar\/index.php\/wp-json\/wp\/v2\/categories?post=512352"},{"taxonomy":"post_tag","embeddable":true,"href":"https:\/\/www.planbnoticias.com.ar\/index.php\/wp-json\/wp\/v2\/tags?post=512352"}],"curies":[{"name":"wp","href":"https:\/\/api.w.org\/{rel}","templated":true}]}}