{"id":512363,"date":"2026-09-05T08:17:21","date_gmt":"2026-09-05T11:17:21","guid":{"rendered":"https:\/\/www.planbnoticias.com.ar\/?p=512363"},"modified":"2026-09-05T08:17:21","modified_gmt":"2026-09-05T11:17:21","slug":"frio-intenso-viento-y-chance-de-lluvias-el-pronostico-para-este-sabado","status":"publish","type":"post","link":"https:\/\/www.planbnoticias.com.ar\/index.php\/2026\/09\/05\/frio-intenso-viento-y-chance-de-lluvias-el-pronostico-para-este-sabado\/","title":{"rendered":"Fr\u00edo intenso, viento y chance de lluvias: el pron\u00f3stico para este s\u00e1bado"},"content":{"rendered":"<p><img fetchpriority=\"high\" decoding=\"async\" class=\"alignnone size-full wp-image-483495\" src=\"https:\/\/www.planbnoticias.com.ar\/wp-content\/uploads\/2025\/12\/plaza-nublado-clima.jpg\" alt=\"\" width=\"1600\" height=\"900\" srcset=\"https:\/\/www.planbnoticias.com.ar\/wp-content\/uploads\/2025\/12\/plaza-nublado-clima.jpg 1600w, https:\/\/www.planbnoticias.com.ar\/wp-content\/uploads\/2025\/12\/plaza-nublado-clima-300x169.jpg 300w, https:\/\/www.planbnoticias.com.ar\/wp-content\/uploads\/2025\/12\/plaza-nublado-clima-1024x576.jpg 1024w, https:\/\/www.planbnoticias.com.ar\/wp-content\/uploads\/2025\/12\/plaza-nublado-clima-768x432.jpg 768w, https:\/\/www.planbnoticias.com.ar\/wp-content\/uploads\/2025\/12\/plaza-nublado-clima-1536x864.jpg 1536w, https:\/\/www.planbnoticias.com.ar\/wp-content\/uploads\/2025\/12\/plaza-nublado-clima-1170x658.jpg 1170w, https:\/\/www.planbnoticias.com.ar\/wp-content\/uploads\/2025\/12\/plaza-nublado-clima-585x329.jpg 585w\" sizes=\"(max-width: 1600px) 100vw, 1600px\" \/><\/p>\n<p>El Servicio Meteorol\u00f3gico Nacional prev\u00e9 una m\u00e1xima de 11\u00b0C para la capital pampeana, con viento sur fuerte y lluvias aisladas por la tarde. Tras una ma\u00f1ana muy fr\u00eda el domingo, el term\u00f3metro trepar\u00e1 hasta los 23\u00b0C a mitad de semana.<\/p>\n<p>La jornada comenz\u00f3 con fr\u00edo marcado en Santa Rosa: a las 7 de la ma\u00f1ana el term\u00f3metro marcaba 2,8\u00b0C, aunque la sensaci\u00f3n t\u00e9rmica descendi\u00f3 a -2\u00b0C por efecto del viento sur que soplaba a 23 km\/h.<\/p>\n<p>El cielo amaneci\u00f3 despejado, con una humedad del 72%, presi\u00f3n de 1006 hPa y una visibilidad de 30 kil\u00f3metros, seg\u00fan el parte oficial del Servicio Meteorol\u00f3gico Nacional (SMN), actualizado a las 5:53.<\/p>\n<p><script async src=\"\/\/pagead2.googlesyndication.com\/pagead\/js\/adsbygoogle.js\"><\/script><\/p>\n<p><!-- Publi m\u00f3vil interior nota --><\/p>\n<p>&nbsp;<\/p>\n<p><script><\/p>\n<p>(adsbygoogle = window.adsbygoogle || []).push({});<\/p>\n<p><\/script><\/p>\n<p>Para este s\u00e1bado 5 de septiembre, el organismo pronostica una temperatura m\u00ednima de 3\u00b0C y una m\u00e1xima de 11\u00b0C. La ma\u00f1ana se presentar\u00e1 parcialmente nublada, mientras que por la tarde hay probabilidades de lluvias aisladas \u2014con una probabilidad de precipitaci\u00f3n de entre el 10% y el 40%\u2014 y hacia la noche volver\u00e1n las nubes parcialmente cubiertas.<\/p>\n<p>El dato saliente de la jornada ser\u00e1 el viento: soplar\u00e1 del sur con intensidades de entre 23 y 31 km\/h y r\u00e1fagas que podr\u00edan superar los 50 kil\u00f3metros por hora durante la ma\u00f1ana y la tarde, un factor que acentuar\u00e1 la sensaci\u00f3n de fr\u00edo. Hacia la noche, la intensidad disminuir\u00e1, con vientos rotados al sector sureste de 13 a 22 km\/h.<\/p>\n<p>El fr\u00edo seguir\u00e1 el domingo y luego llega el ascenso t\u00e9rmico<\/p>\n<p>Para el domingo se espera una ma\u00f1ana muy fr\u00eda, con una m\u00ednima de -2\u00b0C \u2014por lo que no se descartan heladas\u2014 y una m\u00e1xima que se mantendr\u00e1 en los 11\u00b0C. Desde el lunes las temperaturas comenzar\u00e1n a recuperarse de a poco, con m\u00ednima de 0\u00b0C y m\u00e1xima de 15\u00b0C.<\/p>\n<p>El cambio m\u00e1s notable llegar\u00e1 el martes, cuando el term\u00f3metro trepe hasta los 23\u00b0C, valor que se repetir\u00e1 el mi\u00e9rcoles y el jueves, con m\u00ednimas cada vez m\u00e1s benignas (7\u00b0C y 8\u00b0C, respectivamente). La semana cerrar\u00e1 el viernes con una marca de 18\u00b0C de m\u00e1xima y 10\u00b0C de m\u00ednima.<\/p>\n<p>Pron\u00f3stico extendido para Santa Rosa<\/p>\n<p>S\u00e1bado: m\u00ednima 3\u00b0C \/ m\u00e1xima 11\u00b0C<\/p>\n<p>Domingo: m\u00ednima -2\u00b0C \/ m\u00e1xima 11\u00b0C<\/p>\n<p>Lunes: m\u00ednima 0\u00b0C \/ m\u00e1xima 15\u00b0C<\/p>\n<p>Martes: m\u00ednima 3\u00b0C \/ m\u00e1xima 23\u00b0C<\/p>\n<p>Mi\u00e9rcoles: m\u00ednima 7\u00b0C \/ m\u00e1xima 23\u00b0C<\/p>\n<p>Jueves: m\u00ednima 8\u00b0C \/ m\u00e1xima 23\u00b0C<\/p>\n<p>Viernes: m\u00ednima 10\u00b0C \/ m\u00e1xima 18\u00b0C<\/p>\n","protected":false},"excerpt":{"rendered":"<p>El Servicio Meteorol\u00f3gico Nacional prev\u00e9 una m\u00e1xima de 11\u00b0C para la capital pampeana, con viento sur fuerte y lluvias aisladas por la tarde. Tras una ma\u00f1ana muy fr\u00eda el domingo,&hellip;<\/p>\n","protected":false},"author":3,"featured_media":483495,"comment_status":"closed","ping_status":"open","sticky":false,"template":"","format":"standard","meta":{"footnotes":""},"categories":[4],"tags":[],"class_list":["post-512363","post","type-post","status-publish","format-standard","has-post-thumbnail","hentry","category-ciudad"],"jetpack_featured_media_url":"https:\/\/www.planbnoticias.com.ar\/wp-content\/uploads\/2025\/12\/plaza-nublado-clima.jpg","_links":{"self":[{"href":"https:\/\/www.planbnoticias.com.ar\/index.php\/wp-json\/wp\/v2\/posts\/512363","targetHints":{"allow":["GET"]}}],"collection":[{"href":"https:\/\/www.planbnoticias.com.ar\/index.php\/wp-json\/wp\/v2\/posts"}],"about":[{"href":"https:\/\/www.planbnoticias.com.ar\/index.php\/wp-json\/wp\/v2\/types\/post"}],"author":[{"embeddable":true,"href":"https:\/\/www.planbnoticias.com.ar\/index.php\/wp-json\/wp\/v2\/users\/3"}],"replies":[{"embeddable":true,"href":"https:\/\/www.planbnoticias.com.ar\/index.php\/wp-json\/wp\/v2\/comments?post=512363"}],"version-history":[{"count":1,"href":"https:\/\/www.planbnoticias.com.ar\/index.php\/wp-json\/wp\/v2\/posts\/512363\/revisions"}],"predecessor-version":[{"id":512364,"href":"https:\/\/www.planbnoticias.com.ar\/index.php\/wp-json\/wp\/v2\/posts\/512363\/revisions\/512364"}],"wp:featuredmedia":[{"embeddable":true,"href":"https:\/\/www.planbnoticias.com.ar\/index.php\/wp-json\/wp\/v2\/media\/483495"}],"wp:attachment":[{"href":"https:\/\/www.planbnoticias.com.ar\/index.php\/wp-json\/wp\/v2\/media?parent=512363"}],"wp:term":[{"taxonomy":"category","embeddable":true,"href":"https:\/\/www.planbnoticias.com.ar\/index.php\/wp-json\/wp\/v2\/categories?post=512363"},{"taxonomy":"post_tag","embeddable":true,"href":"https:\/\/www.planbnoticias.com.ar\/index.php\/wp-json\/wp\/v2\/tags?post=512363"}],"curies":[{"name":"wp","href":"https:\/\/api.w.org\/{rel}","templated":true}]}}