{"id":512365,"date":"2026-09-05T08:39:41","date_gmt":"2026-09-05T11:39:41","guid":{"rendered":"https:\/\/www.planbnoticias.com.ar\/?p=512365"},"modified":"2026-09-05T13:39:16","modified_gmt":"2026-09-05T16:39:16","slug":"la-ucr-define-su-politica-de-alianzas","status":"publish","type":"post","link":"https:\/\/www.planbnoticias.com.ar\/index.php\/2026\/09\/05\/la-ucr-define-su-politica-de-alianzas\/","title":{"rendered":"La UCR define su pol\u00edtica de alianzas"},"content":{"rendered":"<p><img fetchpriority=\"high\" decoding=\"async\" class=\"alignnone size-full wp-image-465057\" src=\"https:\/\/www.planbnoticias.com.ar\/wp-content\/uploads\/2025\/07\/ucr-la-pampa.jpeg\" alt=\"\" width=\"1024\" height=\"768\" srcset=\"https:\/\/www.planbnoticias.com.ar\/wp-content\/uploads\/2025\/07\/ucr-la-pampa.jpeg 1024w, https:\/\/www.planbnoticias.com.ar\/wp-content\/uploads\/2025\/07\/ucr-la-pampa-300x225.jpeg 300w, https:\/\/www.planbnoticias.com.ar\/wp-content\/uploads\/2025\/07\/ucr-la-pampa-768x576.jpeg 768w, https:\/\/www.planbnoticias.com.ar\/wp-content\/uploads\/2025\/07\/ucr-la-pampa-585x439.jpeg 585w\" sizes=\"(max-width: 1024px) 100vw, 1024px\" \/><\/p>\n<p>El radicalismo se re\u00fane en Asamblea Extraordinaria para autorizar negociaciones electorales. La jornada marcar\u00e1 el rumbo del partido y la estrategia para armar un frente opositor, con Mart\u00edn Berhongaray como principal carta a gobernador.<\/p>\n<p>La Uni\u00f3n C\u00edvica Radical (UCR) lleva a cabo este s\u00e1bado 5 de septiembre una Asamblea Extraordinaria que marcar\u00e1 el rumbo estrat\u00e9gico del partido de cara a las elecciones de 2027. La jornada, que dar\u00e1 inicio a las 14 horas, tendr\u00e1 como eje central la definici\u00f3n sobre su pol\u00edtica de alianzas y la posible conformaci\u00f3n de un frente opositor.<\/p>\n<p>El encuentro estar\u00e1 dividido en dos bloques. En primer lugar, sesionar\u00e1 la Convenci\u00f3n Provincial, con una agenda institucional. All\u00ed se conformar\u00e1 la nueva Mesa Directiva y se designar\u00e1n las autoridades del Tribunal de Conducta, el Tribunal de Cuentas y la Junta Electoral Partidaria.<\/p>\n<p><script async src=\"\/\/pagead2.googlesyndication.com\/pagead\/js\/adsbygoogle.js\"><\/script><\/p>\n<p><!-- Publi m\u00f3vil interior nota --><\/p>\n<p>&nbsp;<\/p>\n<p><script><\/p>\n<p>(adsbygoogle = window.adsbygoogle || []).push({});<\/p>\n<p><\/script><\/p>\n<p>Luego se llevar\u00e1 a cabo la instancia pol\u00edtica: un plenario conjunto de la Convenci\u00f3n y del Comit\u00e9 Provincia. Ser\u00e1 en este espacio donde se debatir\u00e1 y se votar\u00e1 la autorizaci\u00f3n para negociar acuerdos electorales con otras fuerzas pol\u00edticas, dando el primer paso concreto para el armado de cara a 2027.<\/p>\n<p>El panorama actual anticipa que las negociaciones podr\u00edan incluir a partidos con los que la UCR mantuvo marcadas diferencias durante los \u00faltimos a\u00f1os, como La Libertad Avanza y Comunidad Organizada. A su vez, la estrategia contempla sumar a espacios con los que el radicalismo ya ha compartido boletas en anteriores comicios, como el PRO, Mofepa, el MID o el Partido del Frente.<\/p>\n<p>Se prev\u00e9 una jornada intensa en la UCR, donde no todos los sectores est\u00e1n de acuerdo en aliarse con Comunidad Organizada y La Libertad Avanza. Uno de sus dirigentes, Pedro Salas, es una de las principales voces que, de manera p\u00fablica, cuestiona esta posibilidad.<\/p>\n<blockquote class=\"wp-embedded-content\" data-secret=\"qwyaZFpWJc\"><p><a href=\"https:\/\/www.planbnoticias.com.ar\/index.php\/2026\/08\/31\/ucr-como-sera-posible-cogobernar-con-fuerzas-politicas-autocraticas-autoritarias-y-personalistas\/\">UCR: \u201cc\u00f3mo ser\u00e1 posible cogobernar con fuerzas pol\u00edticas autocr\u00e1ticas, autoritarias y personalistas\u201d<\/a><\/p><\/blockquote>\n<p><iframe class=\"wp-embedded-content\" sandbox=\"allow-scripts\" security=\"restricted\" style=\"position: absolute; visibility: hidden;\" title=\"\u00abUCR: \u201cc\u00f3mo ser\u00e1 posible cogobernar con fuerzas pol\u00edticas autocr\u00e1ticas, autoritarias y personalistas\u201d\u00bb \u2014 Plan B Noticias\" src=\"https:\/\/www.planbnoticias.com.ar\/index.php\/2026\/08\/31\/ucr-como-sera-posible-cogobernar-con-fuerzas-politicas-autocraticas-autoritarias-y-personalistas\/embed\/#?secret=oPSHoQIyqb#?secret=qwyaZFpWJc\" data-secret=\"qwyaZFpWJc\" width=\"600\" height=\"338\" frameborder=\"0\" marginwidth=\"0\" marginheight=\"0\" scrolling=\"no\"><\/iframe><\/p>\n<p>En cuanto a las candidaturas, el exdiputado nacional y actual presidente del Comit\u00e9 Provincia, Mart\u00edn Berhongaray, se consolida como el candidato a gobernador, cargo que estuvo cerca de alcanzar en la elecci\u00f3n del 2023.<\/p>\n<p>Otro factor de peso en la estrat\u00e9gica partidaria es la fuerza territorial. Los 28 intendentes radicales del interior representan uno de los principales capitales pol\u00edticos de la UCR. La mayor\u00eda de estos mandatarios apunta a la reelecci\u00f3n el a\u00f1o entrante, por lo que su respaldo ser\u00e1 clave en cualquier acuerdo que se cierre en la jornada de hoy.<\/p>\n","protected":false},"excerpt":{"rendered":"<p>El radicalismo se re\u00fane en Asamblea Extraordinaria para autorizar negociaciones electorales. La jornada marcar\u00e1 el rumbo del partido y la estrategia para armar un frente opositor, con Mart\u00edn Berhongaray como&hellip;<\/p>\n","protected":false},"author":3,"featured_media":465057,"comment_status":"closed","ping_status":"open","sticky":false,"template":"","format":"standard","meta":{"footnotes":""},"categories":[4,7,13],"tags":[],"class_list":["post-512365","post","type-post","status-publish","format-standard","has-post-thumbnail","hentry","category-ciudad","category-destacadas","category-provincia"],"jetpack_featured_media_url":"https:\/\/www.planbnoticias.com.ar\/wp-content\/uploads\/2025\/07\/ucr-la-pampa.jpeg","_links":{"self":[{"href":"https:\/\/www.planbnoticias.com.ar\/index.php\/wp-json\/wp\/v2\/posts\/512365","targetHints":{"allow":["GET"]}}],"collection":[{"href":"https:\/\/www.planbnoticias.com.ar\/index.php\/wp-json\/wp\/v2\/posts"}],"about":[{"href":"https:\/\/www.planbnoticias.com.ar\/index.php\/wp-json\/wp\/v2\/types\/post"}],"author":[{"embeddable":true,"href":"https:\/\/www.planbnoticias.com.ar\/index.php\/wp-json\/wp\/v2\/users\/3"}],"replies":[{"embeddable":true,"href":"https:\/\/www.planbnoticias.com.ar\/index.php\/wp-json\/wp\/v2\/comments?post=512365"}],"version-history":[{"count":2,"href":"https:\/\/www.planbnoticias.com.ar\/index.php\/wp-json\/wp\/v2\/posts\/512365\/revisions"}],"predecessor-version":[{"id":512367,"href":"https:\/\/www.planbnoticias.com.ar\/index.php\/wp-json\/wp\/v2\/posts\/512365\/revisions\/512367"}],"wp:featuredmedia":[{"embeddable":true,"href":"https:\/\/www.planbnoticias.com.ar\/index.php\/wp-json\/wp\/v2\/media\/465057"}],"wp:attachment":[{"href":"https:\/\/www.planbnoticias.com.ar\/index.php\/wp-json\/wp\/v2\/media?parent=512365"}],"wp:term":[{"taxonomy":"category","embeddable":true,"href":"https:\/\/www.planbnoticias.com.ar\/index.php\/wp-json\/wp\/v2\/categories?post=512365"},{"taxonomy":"post_tag","embeddable":true,"href":"https:\/\/www.planbnoticias.com.ar\/index.php\/wp-json\/wp\/v2\/tags?post=512365"}],"curies":[{"name":"wp","href":"https:\/\/api.w.org\/{rel}","templated":true}]}}