{"id":512368,"date":"2026-09-05T08:51:24","date_gmt":"2026-09-05T11:51:24","guid":{"rendered":"https:\/\/www.planbnoticias.com.ar\/?p=512368"},"modified":"2026-09-05T08:51:24","modified_gmt":"2026-09-05T11:51:24","slug":"fonavi-42-apunalo-a-un-hombre-y-fue-detenido","status":"publish","type":"post","link":"https:\/\/www.planbnoticias.com.ar\/index.php\/2026\/09\/05\/fonavi-42-apunalo-a-un-hombre-y-fue-detenido\/","title":{"rendered":"Fonavi 42: apu\u00f1al\u00f3 a un hombre y fue detenido"},"content":{"rendered":"<p><img fetchpriority=\"high\" decoding=\"async\" class=\"alignnone size-full wp-image-481152\" src=\"https:\/\/www.planbnoticias.com.ar\/wp-content\/uploads\/2025\/11\/policia-genericaok.jpeg\" alt=\"\" width=\"1280\" height=\"960\" srcset=\"https:\/\/www.planbnoticias.com.ar\/wp-content\/uploads\/2025\/11\/policia-genericaok.jpeg 1280w, https:\/\/www.planbnoticias.com.ar\/wp-content\/uploads\/2025\/11\/policia-genericaok-300x225.jpeg 300w, https:\/\/www.planbnoticias.com.ar\/wp-content\/uploads\/2025\/11\/policia-genericaok-1024x768.jpeg 1024w, https:\/\/www.planbnoticias.com.ar\/wp-content\/uploads\/2025\/11\/policia-genericaok-768x576.jpeg 768w, https:\/\/www.planbnoticias.com.ar\/wp-content\/uploads\/2025\/11\/policia-genericaok-1170x878.jpeg 1170w, https:\/\/www.planbnoticias.com.ar\/wp-content\/uploads\/2025\/11\/policia-genericaok-585x439.jpeg 585w\" sizes=\"(max-width: 1280px) 100vw, 1280px\" \/><\/p>\n<p>El ataque ocurri\u00f3 en la madrugada del viernes en el barrio Fonavi 42, tras una discusi\u00f3n. La v\u00edctima fue operada de urgencia en el Hospital Favaloro, mientras que el atacante, con antecedentes penales, fue formalizado por la Justicia.<\/p>\n<p>Un hombre qued\u00f3 detenido tras apu\u00f1alar a otro en las calles Acha y Wilde, en el barrio Fonavi 42 de Santa Rosa. El ataque, ocurrido en la madrugada del viernes, dej\u00f3 a la v\u00edctima con graves heridas en una pierna por lo que debi\u00f3 ser intervenido quir\u00fargicamente de urgencia.<\/p>\n<p>Seg\u00fan precisaron fuentes policiales, el hecho se ocurri\u00f3 alrededor de las 4:10, cuando una llamada al servicio de emergencias (Cecom) alert\u00f3 sobre un hombre herido con arma blanca en la v\u00eda p\u00fablica. Al arribar al lugar, los efectivos policiales encontraron a la v\u00edctima recostada y consciente. Antes de ser trasladada, el hombre alcanz\u00f3 a se\u00f1alar a su presunto agresor y relat\u00f3 que la pelea hab\u00eda comenzado por \u201ccuestiones personales\u201d.<\/p>\n<p><script async src=\"\/\/pagead2.googlesyndication.com\/pagead\/js\/adsbygoogle.js\"><\/script><br \/>\n<!-- Publi m\u00f3vil interior nota --><br \/>\n<ins class=\"adsbygoogle\" style=\"display: inline-block; width: 320px; height: 100px;\" data-ad-client=\"ca-pub-7250018434179914\" data-ad-slot=\"1040343543\"><\/ins><br \/>\n<script>\n(adsbygoogle = window.adsbygoogle || []).push({});\n<\/script><\/p>\n<p>El herido presentaba varias cortaduras en la zona del cu\u00e1driceps de la pierna derecha. Una ambulancia del Servicio de Emergencias M\u00e9dicas lo traslad\u00f3 en c\u00f3digo rojo al Hospital Favaloro, donde ingres\u00f3 directamente a quir\u00f3fano debido a la gravedad de las lesiones.<\/p>\n<p>Gracias a los datos aportados por la v\u00edctima, los investigadores lograron dar con el sospechoso a unos 100 metros de la escena del crimen. El hombre fue detenido y puesto a disposici\u00f3n de la Fiscal\u00eda de Delitos contra las Personas.<\/p>\n<p>En el lugar del ataque, personal de la Agencia de Investigaci\u00f3n Cient\u00edfica realiz\u00f3 pericias y secuestr\u00f3 un tel\u00e9fono celular que pertenecer\u00eda al atacante y que se le habr\u00eda ca\u00eddo durante el forcejeo.<\/p>\n<p>Durante la ma\u00f1ana del viernes, el detenido fue llevado a una audiencia de formalizaci\u00f3n. En paralelo, la Justicia autoriz\u00f3 un allanamiento en su domicilio, que arroj\u00f3 resultados positivos: los efectivos secuestraron un cuchillo tipo asado, de mango oscuro y unos 25 cent\u00edmetros de longitud, que ser\u00eda el utilizado en la agresi\u00f3n.<\/p>\n<p>La persona detenida ser\u00eda conocida en el ambiente delictivo y contar\u00eda con antecedentes por delitos contra las personas y la propiedad.<\/p>\n","protected":false},"excerpt":{"rendered":"<p>El ataque ocurri\u00f3 en la madrugada del viernes en el barrio Fonavi 42, tras una discusi\u00f3n. La v\u00edctima fue operada de urgencia en el Hospital Favaloro, mientras que el atacante,&hellip;<\/p>\n","protected":false},"author":3,"featured_media":481152,"comment_status":"closed","ping_status":"open","sticky":false,"template":"","format":"standard","meta":{"footnotes":""},"categories":[4],"tags":[],"class_list":["post-512368","post","type-post","status-publish","format-standard","has-post-thumbnail","hentry","category-ciudad"],"jetpack_featured_media_url":"https:\/\/www.planbnoticias.com.ar\/wp-content\/uploads\/2025\/11\/policia-genericaok.jpeg","_links":{"self":[{"href":"https:\/\/www.planbnoticias.com.ar\/index.php\/wp-json\/wp\/v2\/posts\/512368","targetHints":{"allow":["GET"]}}],"collection":[{"href":"https:\/\/www.planbnoticias.com.ar\/index.php\/wp-json\/wp\/v2\/posts"}],"about":[{"href":"https:\/\/www.planbnoticias.com.ar\/index.php\/wp-json\/wp\/v2\/types\/post"}],"author":[{"embeddable":true,"href":"https:\/\/www.planbnoticias.com.ar\/index.php\/wp-json\/wp\/v2\/users\/3"}],"replies":[{"embeddable":true,"href":"https:\/\/www.planbnoticias.com.ar\/index.php\/wp-json\/wp\/v2\/comments?post=512368"}],"version-history":[{"count":1,"href":"https:\/\/www.planbnoticias.com.ar\/index.php\/wp-json\/wp\/v2\/posts\/512368\/revisions"}],"predecessor-version":[{"id":512369,"href":"https:\/\/www.planbnoticias.com.ar\/index.php\/wp-json\/wp\/v2\/posts\/512368\/revisions\/512369"}],"wp:featuredmedia":[{"embeddable":true,"href":"https:\/\/www.planbnoticias.com.ar\/index.php\/wp-json\/wp\/v2\/media\/481152"}],"wp:attachment":[{"href":"https:\/\/www.planbnoticias.com.ar\/index.php\/wp-json\/wp\/v2\/media?parent=512368"}],"wp:term":[{"taxonomy":"category","embeddable":true,"href":"https:\/\/www.planbnoticias.com.ar\/index.php\/wp-json\/wp\/v2\/categories?post=512368"},{"taxonomy":"post_tag","embeddable":true,"href":"https:\/\/www.planbnoticias.com.ar\/index.php\/wp-json\/wp\/v2\/tags?post=512368"}],"curies":[{"name":"wp","href":"https:\/\/api.w.org\/{rel}","templated":true}]}}