{"id":512373,"date":"2026-09-05T09:37:22","date_gmt":"2026-09-05T12:37:22","guid":{"rendered":"https:\/\/www.planbnoticias.com.ar\/?p=512373"},"modified":"2026-09-05T16:22:00","modified_gmt":"2026-09-05T19:22:00","slug":"los-anuncios-de-milei-sobre-malvinas-veremos-que-de-todo-lo-que-se-anuncio-pasa-a-la-practica","status":"publish","type":"post","link":"https:\/\/www.planbnoticias.com.ar\/index.php\/2026\/09\/05\/los-anuncios-de-milei-sobre-malvinas-veremos-que-de-todo-lo-que-se-anuncio-pasa-a-la-practica\/","title":{"rendered":"Los anuncios de Milei sobre Malvinas: \u201cVeremos qu\u00e9 de todo lo que se anunci\u00f3 pasa a la pr\u00e1ctica\u201d"},"content":{"rendered":"<p><img fetchpriority=\"high\" decoding=\"async\" class=\"alignnone size-full wp-image-512374\" src=\"https:\/\/www.planbnoticias.com.ar\/wp-content\/uploads\/2026\/09\/espartaco-marin.jpg\" alt=\"\" width=\"960\" height=\"636\" srcset=\"https:\/\/www.planbnoticias.com.ar\/wp-content\/uploads\/2026\/09\/espartaco-marin.jpg 960w, https:\/\/www.planbnoticias.com.ar\/wp-content\/uploads\/2026\/09\/espartaco-marin-300x199.jpg 300w, https:\/\/www.planbnoticias.com.ar\/wp-content\/uploads\/2026\/09\/espartaco-marin-768x509.jpg 768w, https:\/\/www.planbnoticias.com.ar\/wp-content\/uploads\/2026\/09\/espartaco-marin-780x516.jpg 780w, https:\/\/www.planbnoticias.com.ar\/wp-content\/uploads\/2026\/09\/espartaco-marin-585x388.jpg 585w, https:\/\/www.planbnoticias.com.ar\/wp-content\/uploads\/2026\/09\/espartaco-marin-263x175.jpg 263w\" sizes=\"(max-width: 960px) 100vw, 960px\" \/><\/p>\n<p>El diputado provincial del FreJuPa, Espartaco Mar\u00edn, se mostr\u00f3 esc\u00e9ptico ante los recientes anuncios de Javier Milei sobre las Islas Malvinas, donde apel\u00f3 a la unidad nacional, al se\u00f1alar que el propio mandatario denosta a quienes no piensan como \u00e9l.<\/p>\n<p>\u201cBienvenida la reflexi\u00f3n del presidente sobre un tema tan importante y tan caro para los intereses de nuestro pa\u00eds, para el pueblo argentino, al no interpretar que es una autodeterminaci\u00f3n de un pueblo implantado, que hasta hace un tiempo parecer\u00eda ser que esa era la postura del gobierno nacional\u201d, le dijo a Plan B en el marco del lanzamiento de una capacitaci\u00f3n en Derechos de Ni\u00f1as, Ni\u00f1os y Adolescentes, realizada el viernes en el Medasur.<\/p>\n<p>\u201cBueno, bienvenida a la reflexi\u00f3n y los avances que impliquen recuperar la soberan\u00eda sobre ese territorio argentino. Veremos qu\u00e9 de todo lo que se anunci\u00f3 pasa a la pr\u00e1ctica\u201d, agreg\u00f3 a Plan B.<\/p>\n<p><script async src=\"\/\/pagead2.googlesyndication.com\/pagead\/js\/adsbygoogle.js\"><\/script><\/p>\n<p><!-- Publi m\u00f3vil interior nota --><\/p>\n<p>&nbsp;<\/p>\n<p><script><\/p>\n<p>(adsbygoogle = window.adsbygoogle || []).push({});<\/p>\n<p><\/script><\/p>\n<p><strong>Consultado sobre su convocatoria a una unidad nacional, Mar\u00edn la calific\u00f3 como no cre\u00edble<\/strong>. \u201cYo arrancar\u00eda con las capacitaciones, por ejemplo, las que acabamos de tener, \u00bfNo?\u201d, manifest\u00f3 en referencia al encuentro realizado en el Medasur.\u00a0 \u201cSobre todo en t\u00e9rminos de no agredir, de no insultar, de pensar que aquel que piensa diferente a \u00e9l no es un enemigo, no amerita ep\u00edtetos descalificativos, porque con la soberan\u00eda nacional o la unidad nacional o Malvinas, estamos todos, pero despu\u00e9s f\u00edjate c\u00f3mo trat\u00e1s a los periodistas, a los pol\u00edticos que no piensas como vos, a los empresarios que no coinciden con tu modelo econ\u00f3mico. Me parece que habr\u00eda que arrancar por ah\u00ed\u201d, enfatiz\u00f3 Mar\u00edn.<\/p>\n<p>\u201cVeremos de todo lo que se dijo, qu\u00e9 se hace. Lo de la contradicci\u00f3n en relaci\u00f3n a la bandera mundial es evidente (cuando el gobierno qued\u00f3 inc\u00f3modo ante la exhibici\u00f3n de una bandera en el Mundial sobre las Malvinas Argentinas), todo el mundo lo vio. \u00bfCu\u00e1l fue la reacci\u00f3n del presidente sobre esa iniciativa? Bueno, ahora parece que quiere recuperar la autoestima y la soberan\u00eda nacional mediante una ley o lo que fuere. Bienvenido sea\u201d, cerr\u00f3 Mar\u00edn.<\/p>\n","protected":false},"excerpt":{"rendered":"<p>El diputado provincial del FreJuPa, Espartaco Mar\u00edn, se mostr\u00f3 esc\u00e9ptico ante los recientes anuncios de Javier Milei sobre las Islas Malvinas, donde apel\u00f3 a la unidad nacional, al se\u00f1alar que&hellip;<\/p>\n","protected":false},"author":3,"featured_media":512374,"comment_status":"closed","ping_status":"open","sticky":false,"template":"","format":"standard","meta":{"footnotes":""},"categories":[4,7,13],"tags":[],"class_list":["post-512373","post","type-post","status-publish","format-standard","has-post-thumbnail","hentry","category-ciudad","category-destacadas","category-provincia"],"jetpack_featured_media_url":"https:\/\/www.planbnoticias.com.ar\/wp-content\/uploads\/2026\/09\/espartaco-marin.jpg","_links":{"self":[{"href":"https:\/\/www.planbnoticias.com.ar\/index.php\/wp-json\/wp\/v2\/posts\/512373","targetHints":{"allow":["GET"]}}],"collection":[{"href":"https:\/\/www.planbnoticias.com.ar\/index.php\/wp-json\/wp\/v2\/posts"}],"about":[{"href":"https:\/\/www.planbnoticias.com.ar\/index.php\/wp-json\/wp\/v2\/types\/post"}],"author":[{"embeddable":true,"href":"https:\/\/www.planbnoticias.com.ar\/index.php\/wp-json\/wp\/v2\/users\/3"}],"replies":[{"embeddable":true,"href":"https:\/\/www.planbnoticias.com.ar\/index.php\/wp-json\/wp\/v2\/comments?post=512373"}],"version-history":[{"count":3,"href":"https:\/\/www.planbnoticias.com.ar\/index.php\/wp-json\/wp\/v2\/posts\/512373\/revisions"}],"predecessor-version":[{"id":512397,"href":"https:\/\/www.planbnoticias.com.ar\/index.php\/wp-json\/wp\/v2\/posts\/512373\/revisions\/512397"}],"wp:featuredmedia":[{"embeddable":true,"href":"https:\/\/www.planbnoticias.com.ar\/index.php\/wp-json\/wp\/v2\/media\/512374"}],"wp:attachment":[{"href":"https:\/\/www.planbnoticias.com.ar\/index.php\/wp-json\/wp\/v2\/media?parent=512373"}],"wp:term":[{"taxonomy":"category","embeddable":true,"href":"https:\/\/www.planbnoticias.com.ar\/index.php\/wp-json\/wp\/v2\/categories?post=512373"},{"taxonomy":"post_tag","embeddable":true,"href":"https:\/\/www.planbnoticias.com.ar\/index.php\/wp-json\/wp\/v2\/tags?post=512373"}],"curies":[{"name":"wp","href":"https:\/\/api.w.org\/{rel}","templated":true}]}}