{"id":512376,"date":"2026-09-05T10:00:59","date_gmt":"2026-09-05T13:00:59","guid":{"rendered":"https:\/\/www.planbnoticias.com.ar\/?p=512376"},"modified":"2026-09-05T10:00:59","modified_gmt":"2026-09-05T13:00:59","slug":"general-pico-un-tren-embistio-a-un-auto-en-la-avenida-circunvalacion","status":"publish","type":"post","link":"https:\/\/www.planbnoticias.com.ar\/index.php\/2026\/09\/05\/general-pico-un-tren-embistio-a-un-auto-en-la-avenida-circunvalacion\/","title":{"rendered":"General Pico: un tren embisti\u00f3 a un auto en la avenida Circunvalaci\u00f3n"},"content":{"rendered":"<p><img fetchpriority=\"high\" decoding=\"async\" class=\"alignnone size-full wp-image-512377\" src=\"https:\/\/www.planbnoticias.com.ar\/wp-content\/uploads\/2026\/09\/siniestro.jpg\" alt=\"\" width=\"1280\" height=\"720\" srcset=\"https:\/\/www.planbnoticias.com.ar\/wp-content\/uploads\/2026\/09\/siniestro.jpg 1280w, https:\/\/www.planbnoticias.com.ar\/wp-content\/uploads\/2026\/09\/siniestro-300x169.jpg 300w, https:\/\/www.planbnoticias.com.ar\/wp-content\/uploads\/2026\/09\/siniestro-1024x576.jpg 1024w, https:\/\/www.planbnoticias.com.ar\/wp-content\/uploads\/2026\/09\/siniestro-768x432.jpg 768w, https:\/\/www.planbnoticias.com.ar\/wp-content\/uploads\/2026\/09\/siniestro-1170x658.jpg 1170w, https:\/\/www.planbnoticias.com.ar\/wp-content\/uploads\/2026\/09\/siniestro-585x329.jpg 585w\" sizes=\"(max-width: 1280px) 100vw, 1280px\" \/><\/p>\n<p>Un impactante siniestro vial se registr\u00f3 a la 01:30 de la madrugada en General Pico, cuando un tren embisti\u00f3 a un autom\u00f3vil en el paso a nivel ubicado en la avenida Circunvalaci\u00f3n, en el tramo comprendido entre las calles 19 y 21.<\/p>\n<p>El veh\u00edculo involucrado es un Volkswagen Golf, el cual era conducido por un hombre. Por motivos que a\u00fan son materia de investigaci\u00f3n para determinar la mec\u00e1nica del hecho, el rodado fue impactado por la formaci\u00f3n ferroviaria en el cruce de las v\u00edas.<\/p>\n<p><script async src=\"\/\/pagead2.googlesyndication.com\/pagead\/js\/adsbygoogle.js\"><\/script><\/p>\n<p><!-- Publi m\u00f3vil interior nota --><\/p>\n<p>&nbsp;<\/p>\n<p><script><\/p>\n<p>(adsbygoogle = window.adsbygoogle || []).push({});<\/p>\n<p><\/script><\/p>\n<p><strong>Asistencia inmediata de testigos y traslado<\/strong><\/p>\n<p>A pesar de la magnitud del choque y el peligro que representa este tipo de accidentes, milagrosamente el conductor no sufri\u00f3 lesiones de gravedad. Seg\u00fan trascendi\u00f3, vecinos que transitaban en sus veh\u00edculos justo detr\u00e1s de \u00e9l presenciaron el dram\u00e1tico episodio, acudieron r\u00e1pidamente a asistirlo y fueron los encargados de dar aviso inmediato a los servicios de emergencias.<\/p>\n<p>Minutos despu\u00e9s, el personal de salud se hizo presente en el lugar y dispuso el traslado del damnificado al centro m\u00e9dico para que fuera evaluado de manera exhaustiva, quedando en observaci\u00f3n por precauci\u00f3n.<\/p>\n<p>Efectivos policiales de la jurisdicci\u00f3n trabajaron en el sitio del accidente para realizar las diligencias correspondientes, asegurar el \u00e1rea y ordenar el tr\u00e1nsito en el sector. (Fuente y foto: Infopico).<\/p>\n","protected":false},"excerpt":{"rendered":"<p>Un impactante siniestro vial se registr\u00f3 a la 01:30 de la madrugada en General Pico, cuando un tren embisti\u00f3 a un autom\u00f3vil en el paso a nivel ubicado en la&hellip;<\/p>\n","protected":false},"author":3,"featured_media":512377,"comment_status":"closed","ping_status":"open","sticky":false,"template":"","format":"standard","meta":{"footnotes":""},"categories":[13],"tags":[],"class_list":["post-512376","post","type-post","status-publish","format-standard","has-post-thumbnail","hentry","category-provincia"],"jetpack_featured_media_url":"https:\/\/www.planbnoticias.com.ar\/wp-content\/uploads\/2026\/09\/siniestro.jpg","_links":{"self":[{"href":"https:\/\/www.planbnoticias.com.ar\/index.php\/wp-json\/wp\/v2\/posts\/512376","targetHints":{"allow":["GET"]}}],"collection":[{"href":"https:\/\/www.planbnoticias.com.ar\/index.php\/wp-json\/wp\/v2\/posts"}],"about":[{"href":"https:\/\/www.planbnoticias.com.ar\/index.php\/wp-json\/wp\/v2\/types\/post"}],"author":[{"embeddable":true,"href":"https:\/\/www.planbnoticias.com.ar\/index.php\/wp-json\/wp\/v2\/users\/3"}],"replies":[{"embeddable":true,"href":"https:\/\/www.planbnoticias.com.ar\/index.php\/wp-json\/wp\/v2\/comments?post=512376"}],"version-history":[{"count":1,"href":"https:\/\/www.planbnoticias.com.ar\/index.php\/wp-json\/wp\/v2\/posts\/512376\/revisions"}],"predecessor-version":[{"id":512378,"href":"https:\/\/www.planbnoticias.com.ar\/index.php\/wp-json\/wp\/v2\/posts\/512376\/revisions\/512378"}],"wp:featuredmedia":[{"embeddable":true,"href":"https:\/\/www.planbnoticias.com.ar\/index.php\/wp-json\/wp\/v2\/media\/512377"}],"wp:attachment":[{"href":"https:\/\/www.planbnoticias.com.ar\/index.php\/wp-json\/wp\/v2\/media?parent=512376"}],"wp:term":[{"taxonomy":"category","embeddable":true,"href":"https:\/\/www.planbnoticias.com.ar\/index.php\/wp-json\/wp\/v2\/categories?post=512376"},{"taxonomy":"post_tag","embeddable":true,"href":"https:\/\/www.planbnoticias.com.ar\/index.php\/wp-json\/wp\/v2\/tags?post=512376"}],"curies":[{"name":"wp","href":"https:\/\/api.w.org\/{rel}","templated":true}]}}