{"id":512379,"date":"2026-09-05T10:44:05","date_gmt":"2026-09-05T13:44:05","guid":{"rendered":"https:\/\/www.planbnoticias.com.ar\/?p=512379"},"modified":"2026-09-05T13:43:04","modified_gmt":"2026-09-05T16:43:04","slug":"fuerza-pampa-se-reunio-con-vecinos-de-25-de-mayo-y-presento-1-000-nuevas-afiliaciones","status":"publish","type":"post","link":"https:\/\/www.planbnoticias.com.ar\/index.php\/2026\/09\/05\/fuerza-pampa-se-reunio-con-vecinos-de-25-de-mayo-y-presento-1-000-nuevas-afiliaciones\/","title":{"rendered":"Fuerza Pampa se reuni\u00f3 con vecinos de 25 de Mayo y present\u00f3 1.000 nuevas afiliaciones"},"content":{"rendered":"<p><img fetchpriority=\"high\" decoding=\"async\" class=\"alignnone size-full wp-image-512380\" src=\"https:\/\/www.planbnoticias.com.ar\/wp-content\/uploads\/2026\/09\/fuerza-pampa.avif\" alt=\"\" width=\"1077\" height=\"798\" srcset=\"https:\/\/www.planbnoticias.com.ar\/wp-content\/uploads\/2026\/09\/fuerza-pampa.avif 1077w, https:\/\/www.planbnoticias.com.ar\/wp-content\/uploads\/2026\/09\/fuerza-pampa-300x222.avif 300w, https:\/\/www.planbnoticias.com.ar\/wp-content\/uploads\/2026\/09\/fuerza-pampa-1024x759.avif 1024w, https:\/\/www.planbnoticias.com.ar\/wp-content\/uploads\/2026\/09\/fuerza-pampa-768x569.avif 768w, https:\/\/www.planbnoticias.com.ar\/wp-content\/uploads\/2026\/09\/fuerza-pampa-585x433.avif 585w\" sizes=\"(max-width: 1077px) 100vw, 1077px\" \/><\/p>\n<p>Fuerza Pampa contin\u00faa trabajando de cara a las elecciones del 2027. En las \u00faltimas horas, seg\u00fan anunciaron desde sus redes sociales, se reunieron con vecinos y vecinas de 25 de Mayo.<\/p>\n<p>\u201cSeguimos caminando toda la provincia con una convicci\u00f3n clara: una fuerza pol\u00edtica se construye junto a los vecinos, escuchando cada realidad y compartiendo cada desaf\u00edo\u201d, precisaron.<\/p>\n<p><script async src=\"\/\/pagead2.googlesyndication.com\/pagead\/js\/adsbygoogle.js\"><\/script><\/p>\n<p><!-- Publi m\u00f3vil interior nota --><\/p>\n<p>&nbsp;<\/p>\n<p><script><\/p>\n<p>(adsbygoogle = window.adsbygoogle || []).push({});<\/p>\n<p><\/script><\/p>\n<p>\u201cFuerza Pampa ya est\u00e1 presente cada vez en m\u00e1s localidades porque creemos que una provincia fuerte se construye entre todos\u201d, agregaron.<\/p>\n<p>\u201cSeguimos sumando voces. Seguimos construyendo La Pampa que viene\u201d, resaltaron.<\/p>\n<p>Mil nuevas afiliaciones<\/p>\n<p>Por otra parte, tambi\u00e9n anunciaron que presetaron ante el Tribunal Electoral de la Provincia de La Pampa 1.000 nuevas fichas de afiliaci\u00f3n, que se suman a las 1.600 con las que el partido obtuvo su reconocimiento definitivo el 5 de agosto. \u201cEntre ellas hay vecinos y vecinas de localidades donde antes no hab\u00edamos llegado\u201d, indicaron.<\/p>\n<p>\u201cCuando arrancamos, muchos nos dec\u00edan que era imposible armar un partido nuevo en La Pampa. Presentamos 1.600 fichas en julio, obtuvimos la personer\u00eda en agosto y hoy sumamos 1.000 m\u00e1s. Cada semana se acerca gente nueva\u201d, resalt\u00f3 Manuel Feito.<\/p>\n","protected":false},"excerpt":{"rendered":"<p>Fuerza Pampa contin\u00faa trabajando de cara a las elecciones del 2027. En las \u00faltimas horas, seg\u00fan anunciaron desde sus redes sociales, se reunieron con vecinos y vecinas de 25 de&hellip;<\/p>\n","protected":false},"author":3,"featured_media":512380,"comment_status":"closed","ping_status":"open","sticky":false,"template":"","format":"standard","meta":{"footnotes":""},"categories":[7,13],"tags":[],"class_list":["post-512379","post","type-post","status-publish","format-standard","has-post-thumbnail","hentry","category-destacadas","category-provincia"],"jetpack_featured_media_url":"https:\/\/www.planbnoticias.com.ar\/wp-content\/uploads\/2026\/09\/fuerza-pampa.avif","_links":{"self":[{"href":"https:\/\/www.planbnoticias.com.ar\/index.php\/wp-json\/wp\/v2\/posts\/512379","targetHints":{"allow":["GET"]}}],"collection":[{"href":"https:\/\/www.planbnoticias.com.ar\/index.php\/wp-json\/wp\/v2\/posts"}],"about":[{"href":"https:\/\/www.planbnoticias.com.ar\/index.php\/wp-json\/wp\/v2\/types\/post"}],"author":[{"embeddable":true,"href":"https:\/\/www.planbnoticias.com.ar\/index.php\/wp-json\/wp\/v2\/users\/3"}],"replies":[{"embeddable":true,"href":"https:\/\/www.planbnoticias.com.ar\/index.php\/wp-json\/wp\/v2\/comments?post=512379"}],"version-history":[{"count":1,"href":"https:\/\/www.planbnoticias.com.ar\/index.php\/wp-json\/wp\/v2\/posts\/512379\/revisions"}],"predecessor-version":[{"id":512381,"href":"https:\/\/www.planbnoticias.com.ar\/index.php\/wp-json\/wp\/v2\/posts\/512379\/revisions\/512381"}],"wp:featuredmedia":[{"embeddable":true,"href":"https:\/\/www.planbnoticias.com.ar\/index.php\/wp-json\/wp\/v2\/media\/512380"}],"wp:attachment":[{"href":"https:\/\/www.planbnoticias.com.ar\/index.php\/wp-json\/wp\/v2\/media?parent=512379"}],"wp:term":[{"taxonomy":"category","embeddable":true,"href":"https:\/\/www.planbnoticias.com.ar\/index.php\/wp-json\/wp\/v2\/categories?post=512379"},{"taxonomy":"post_tag","embeddable":true,"href":"https:\/\/www.planbnoticias.com.ar\/index.php\/wp-json\/wp\/v2\/tags?post=512379"}],"curies":[{"name":"wp","href":"https:\/\/api.w.org\/{rel}","templated":true}]}}