{"id":512385,"date":"2026-09-05T11:29:49","date_gmt":"2026-09-05T14:29:49","guid":{"rendered":"https:\/\/www.planbnoticias.com.ar\/?p=512385"},"modified":"2026-09-05T11:39:46","modified_gmt":"2026-09-05T14:39:46","slug":"entro-en-vigencia-el-nuevo-regimen-penal-juvenil-que-cambios-establece-la-baja-de-imputabilidad-desde-los-14-anos","status":"publish","type":"post","link":"https:\/\/www.planbnoticias.com.ar\/index.php\/2026\/09\/05\/entro-en-vigencia-el-nuevo-regimen-penal-juvenil-que-cambios-establece-la-baja-de-imputabilidad-desde-los-14-anos\/","title":{"rendered":"Entr\u00f3 en vigencia el nuevo r\u00e9gimen penal juvenil: qu\u00e9 cambios establece la baja de imputabilidad desde los 14 a\u00f1os"},"content":{"rendered":"<div id=\"attachment_511441\" style=\"width: 1010px\" class=\"wp-caption alignnone\"><img fetchpriority=\"high\" decoding=\"async\" aria-describedby=\"caption-attachment-511441\" class=\"size-full wp-image-511441\" src=\"https:\/\/www.planbnoticias.com.ar\/wp-content\/uploads\/2026\/08\/justicia-generica.avif\" alt=\"\" width=\"1000\" height=\"667\" srcset=\"https:\/\/www.planbnoticias.com.ar\/wp-content\/uploads\/2026\/08\/justicia-generica.avif 1000w, https:\/\/www.planbnoticias.com.ar\/wp-content\/uploads\/2026\/08\/justicia-generica-300x200.avif 300w, https:\/\/www.planbnoticias.com.ar\/wp-content\/uploads\/2026\/08\/justicia-generica-768x512.avif 768w, https:\/\/www.planbnoticias.com.ar\/wp-content\/uploads\/2026\/08\/justicia-generica-585x390.avif 585w, https:\/\/www.planbnoticias.com.ar\/wp-content\/uploads\/2026\/08\/justicia-generica-263x175.avif 263w\" sizes=\"(max-width: 1000px) 100vw, 1000px\" \/><p id=\"caption-attachment-511441\" class=\"wp-caption-text\">Imagen: Freepik<\/p><\/div>\n<p>La normativa aprobada en el Congreso comenzar\u00e1 a regir desde el 5 de septiembre.<\/p>\n<p>El nuevo r\u00e9gimen penal juvenil, que establece la baja de la imputabilidad para menores a partir de los 14 a\u00f1os y nuevas penas, entr\u00f3 en vigencia este s\u00e1bado.<\/p>\n<p>La Ley 27.801, que fue aprobada por el Congreso en febrero de este a\u00f1o, modifica la normativa de la Ley 22.278 que reg\u00eda desde la d\u00e9cada del 80, brindando nuevos lineamientos sobre los delitos cometidos por menores de edad.<\/p>\n<p>Seg\u00fan el texto, este nuevo r\u00e9gimen busca \u201cfomentar en el adolescente imputado el sentido de la responsabilidad legal por sus actos y lograr su educaci\u00f3n, resocializaci\u00f3n e integraci\u00f3n social\u201d.<\/p>\n<p><script async src=\"\/\/pagead2.googlesyndication.com\/pagead\/js\/adsbygoogle.js\"><\/script><\/p>\n<p><!-- Publi m\u00f3vil interior nota --><\/p>\n<p>&nbsp;<\/p>\n<p><script><\/p>\n<p>(adsbygoogle = window.adsbygoogle || []).push({});<\/p>\n<p><\/script><\/p>\n<p>Por un lado, ahora los menores podr\u00e1n ser juzgados por delitos a partir de los 14 a\u00f1os, a diferencia de los 16 a\u00f1os de la ley anterior, con penas que van hasta los 15 a\u00f1os. Adem\u00e1s, los progenitores ser\u00e1n civilmente responsables por los il\u00edcitos cometidos por sus hijos.<\/p>\n<p>Al igual que la normativa actual, queda prohibido difundir nombres, sobrenombres, filiaci\u00f3n, parentesco o residencia del adolescente imputado, como tambi\u00e9n fotos o datos de identificaci\u00f3n.<\/p>\n<p>Los adolescentes que cometan delitos y sean juzgados podr\u00e1n ser detenidos en dependencias acondicionadas especialmente para menores, sin compartir alojamiento con personas mayores de edad.<\/p>\n<p>Seg\u00fan el r\u00e9gimen, los j\u00f3venes tendr\u00e1n derecho a acceder a programas educativos para concluir sus estudios obligatorios, como tambi\u00e9n a programas de formaci\u00f3n ciudadana para su inserci\u00f3n social, de capacitaci\u00f3n laboral y deportivos.<\/p>\n<p><strong>Las penas que establece la nueva ley<\/strong><\/p>\n<p>Seg\u00fan el texto, los adolescentes podr\u00e1n recibir las siguientes penas:<\/p>\n<p>Amonestaciones<\/p>\n<p>Prohibici\u00f3n de contacto o de aproximarse a la v\u00edctima, su familia u otras personas<\/p>\n<p>Prohibici\u00f3n de conducci\u00f3n de veh\u00edculos<\/p>\n<p>Prohibici\u00f3n de concurrir a establecimientos o espect\u00e1culos, inclusive deportivos, musicales o culturales<\/p>\n<p>Prohibici\u00f3n de salir del pa\u00eds o del lugar en el cual reside<\/p>\n<p>Prestaci\u00f3n de servicios a la comunidad<\/p>\n<p>Monitoreo electr\u00f3nico con rastreador<\/p>\n<p>Reparaci\u00f3n integral del da\u00f1o a la v\u00edctima<\/p>\n<p>Penas privativas de libertad en su domicilio, un instituto abierto o un instituto especializado de detenci\u00f3n<\/p>\n<p>La ley remarca adem\u00e1s que se puede evitar la pena de prisi\u00f3n en dos ocasiones: si la pena no supera los 3 a\u00f1os; y si va de entre 3 a 10 a\u00f1os, pero solo en el caso que el delito no implique la muerte de la v\u00edctima, una grave violencia f\u00edsica o ps\u00edquica sobre las personas o si no tuviese otras condenas o procesos en curso.<\/p>\n<p>\u201cEn todos los casos, se deber\u00e1n imponer al adolescente, conjuntamente, medidas espec\u00edficas tendientes a desarrollar su educaci\u00f3n, el trabajo y la conciencia de la gravedad del hecho cometido, con vistas a lograr su resocializaci\u00f3n y desarrollo de su vida\u201d, resalta.<\/p>\n<p>Por otro lado, cuando el joven haya cumplido dos tercios de la pena en detenci\u00f3n y se dieran las circunstancias previstas en el C\u00f3digo Penal para recibir la libertad condicional, podr\u00e1 continuar cumpliendo su sentencia con otra pena a las establecidas.<\/p>\n<p>Sin embargo, ante el incumplimiento injustificado de una pena alternativa a la que recibi\u00f3 como condena, el juez deber\u00e1 modificarla por otra pena m\u00e1s severa. (Agencia NA).<\/p>\n","protected":false},"excerpt":{"rendered":"<p>La normativa aprobada en el Congreso comenzar\u00e1 a regir desde el 5 de septiembre. El nuevo r\u00e9gimen penal juvenil, que establece la baja de la imputabilidad para menores a partir&hellip;<\/p>\n","protected":false},"author":3,"featured_media":511441,"comment_status":"closed","ping_status":"open","sticky":false,"template":"","format":"standard","meta":{"footnotes":""},"categories":[12],"tags":[],"class_list":["post-512385","post","type-post","status-publish","format-standard","has-post-thumbnail","hentry","category-pais"],"jetpack_featured_media_url":"https:\/\/www.planbnoticias.com.ar\/wp-content\/uploads\/2026\/08\/justicia-generica.avif","_links":{"self":[{"href":"https:\/\/www.planbnoticias.com.ar\/index.php\/wp-json\/wp\/v2\/posts\/512385","targetHints":{"allow":["GET"]}}],"collection":[{"href":"https:\/\/www.planbnoticias.com.ar\/index.php\/wp-json\/wp\/v2\/posts"}],"about":[{"href":"https:\/\/www.planbnoticias.com.ar\/index.php\/wp-json\/wp\/v2\/types\/post"}],"author":[{"embeddable":true,"href":"https:\/\/www.planbnoticias.com.ar\/index.php\/wp-json\/wp\/v2\/users\/3"}],"replies":[{"embeddable":true,"href":"https:\/\/www.planbnoticias.com.ar\/index.php\/wp-json\/wp\/v2\/comments?post=512385"}],"version-history":[{"count":3,"href":"https:\/\/www.planbnoticias.com.ar\/index.php\/wp-json\/wp\/v2\/posts\/512385\/revisions"}],"predecessor-version":[{"id":512390,"href":"https:\/\/www.planbnoticias.com.ar\/index.php\/wp-json\/wp\/v2\/posts\/512385\/revisions\/512390"}],"wp:featuredmedia":[{"embeddable":true,"href":"https:\/\/www.planbnoticias.com.ar\/index.php\/wp-json\/wp\/v2\/media\/511441"}],"wp:attachment":[{"href":"https:\/\/www.planbnoticias.com.ar\/index.php\/wp-json\/wp\/v2\/media?parent=512385"}],"wp:term":[{"taxonomy":"category","embeddable":true,"href":"https:\/\/www.planbnoticias.com.ar\/index.php\/wp-json\/wp\/v2\/categories?post=512385"},{"taxonomy":"post_tag","embeddable":true,"href":"https:\/\/www.planbnoticias.com.ar\/index.php\/wp-json\/wp\/v2\/tags?post=512385"}],"curies":[{"name":"wp","href":"https:\/\/api.w.org\/{rel}","templated":true}]}}