{"id":512388,"date":"2026-09-05T11:39:16","date_gmt":"2026-09-05T14:39:16","guid":{"rendered":"https:\/\/www.planbnoticias.com.ar\/?p=512388"},"modified":"2026-09-05T11:39:16","modified_gmt":"2026-09-05T14:39:16","slug":"nuevo-regimen-penal-juvenil-que-pasa-en-la-pampa","status":"publish","type":"post","link":"https:\/\/www.planbnoticias.com.ar\/index.php\/2026\/09\/05\/nuevo-regimen-penal-juvenil-que-pasa-en-la-pampa\/","title":{"rendered":"Nuevo R\u00e9gimen Penal Juvenil: \u00bfQu\u00e9 pasa en La Pampa?"},"content":{"rendered":"<p><img fetchpriority=\"high\" decoding=\"async\" class=\"alignnone size-full wp-image-486108\" src=\"https:\/\/www.planbnoticias.com.ar\/wp-content\/uploads\/2026\/01\/legislatura-pampeana.jpeg\" alt=\"\" width=\"1600\" height=\"1200\" srcset=\"https:\/\/www.planbnoticias.com.ar\/wp-content\/uploads\/2026\/01\/legislatura-pampeana.jpeg 1600w, https:\/\/www.planbnoticias.com.ar\/wp-content\/uploads\/2026\/01\/legislatura-pampeana-300x225.jpeg 300w, https:\/\/www.planbnoticias.com.ar\/wp-content\/uploads\/2026\/01\/legislatura-pampeana-1024x768.jpeg 1024w, https:\/\/www.planbnoticias.com.ar\/wp-content\/uploads\/2026\/01\/legislatura-pampeana-768x576.jpeg 768w, https:\/\/www.planbnoticias.com.ar\/wp-content\/uploads\/2026\/01\/legislatura-pampeana-1536x1152.jpeg 1536w, https:\/\/www.planbnoticias.com.ar\/wp-content\/uploads\/2026\/01\/legislatura-pampeana-1170x878.jpeg 1170w, https:\/\/www.planbnoticias.com.ar\/wp-content\/uploads\/2026\/01\/legislatura-pampeana-585x439.jpeg 585w\" sizes=\"(max-width: 1600px) 100vw, 1600px\" \/><\/p>\n<p>En nuestra provincia, el Poder Ejecutivo Provincial envi\u00f3 a fines de agosto a la Legislatura de La Pampa un proyecto de ley para adecuar el r\u00e9gimen penal juvenil de la Provincia a la nueva Ley Nacional 27.801<\/p>\n<p>El nuevo r\u00e9gimen penal juvenil, que establece la baja de la imputabilidad para menores a partir de los 14 a\u00f1os y nuevas penas, entr\u00f3 en vigencia este s\u00e1bado 5 de septiembre.<\/p>\n<p>La Ley 27.801, que fue aprobada por el Congreso en febrero de este a\u00f1o, modifica la normativa de la Ley 22.278 que reg\u00eda desde la d\u00e9cada del 80, brindando nuevos lineamientos sobre los delitos cometidos por menores de edad.<\/p>\n<p>Seg\u00fan el texto, este nuevo r\u00e9gimen busca \u201cfomentar en el adolescente imputado el sentido de la responsabilidad legal por sus actos y lograr su educaci\u00f3n, resocializaci\u00f3n e integraci\u00f3n social\u201d.<\/p>\n<p><strong>\u00bfQu\u00e9 pasa en La Pampa?<\/strong><\/p>\n<p>En nuestra provincia, el\u00a0 Poder Ejecutivo Provincial envi\u00f3 a fines de agosto a la Legislatura de La Pampa un proyecto de ley para adecuar el r\u00e9gimen penal juvenil de la Provincia a la nueva Ley Nacional 27.801, que entre otros puntos prev\u00e9 la responsabilidad penal a partir de los 14 a\u00f1os, y que comenzar\u00e1 a regir en todo el pa\u00eds en septiembre pr\u00f3ximo.<\/p>\n<p>Entre las reformas de la ley nacional se encuentra la aplicaci\u00f3n del r\u00e9gimen penal a adolescentes desde los 14 a\u00f1os de edad. Frente a este nuevo escenario, la Provincia necesita adaptar su legislaci\u00f3n y su organizaci\u00f3n institucional para garantizar su correcta aplicaci\u00f3n.<\/p>\n<p><script async src=\"\/\/pagead2.googlesyndication.com\/pagead\/js\/adsbygoogle.js\"><\/script><br \/>\n<!-- Publi m\u00f3vil interior nota --><br \/>\n<ins class=\"adsbygoogle\" style=\"display: inline-btiembrepblock; width: 320px; height: 100px;\" data-ad-client=\"ca-pub-7250018434179914\" data-ad-slot=\"1040343543\"><\/ins><br \/>\n<script>\n(adsbygoogle = window.adsbygoogle || []).push({});\n<\/script><\/p>\n<p>El proyecto propone modificar la Ley Provincial 3353 de Procedimiento Penal para Adolescentes y otras normas relacionadas, manteniendo uno de los principios centrales del sistema pampeano: una justicia especializada, con intervenci\u00f3n de operadores capacitados espec\u00edficamente en ni\u00f1ez y adolescencia y con pleno respeto del debido proceso.<\/p>\n<p>Tambi\u00e9n se busca fortalecer las soluciones alternativas al proceso penal, la participaci\u00f3n de las v\u00edctimas y la separaci\u00f3n entre las cuestiones estrictamente penales y aquellas vinculadas con la protecci\u00f3n integral de derechos o la salud mental, que deber\u00e1n continuar siendo abordadas por los organismos especializados correspondientes.<\/p>\n<p>La adecuaci\u00f3n contempla adem\u00e1s una organizaci\u00f3n descentralizada, procurando que la justicia especializada tenga presencia en todo el territorio provincial.<\/p>\n<p>La iniciativa busca que esta transformaci\u00f3n no signifique solamente adaptar art\u00edculos y procedimientos, sino contar con m\u00e1s especializaci\u00f3n, mayor cercan\u00eda territorial y mejores herramientas para intervenir frente a los conflictos que involucren a adolescentes.<\/p>\n<p>El texto fue elaborado a partir de aportes del Superior Tribunal de Justicia y de consultas con el Ministerio P\u00fablico Fiscal, el Ministerio P\u00fablico de la Defensa, organismos del Poder Ejecutivo, la Defensor\u00eda Provincial de Ni\u00f1as, Ni\u00f1os y Adolescentes, integrantes de la C\u00e1mara de Diputados y especialistas del medio local. De esta manera, la Provincia procura llegar a la entrada en vigencia del nuevo r\u00e9gimen nacional con una legislaci\u00f3n actualizada, consensuada y adecuada a la realidad pampeana.<\/p>\n","protected":false},"excerpt":{"rendered":"<p>En nuestra provincia, el Poder Ejecutivo Provincial envi\u00f3 a fines de agosto a la Legislatura de La Pampa un proyecto de ley para adecuar el r\u00e9gimen penal juvenil de la&hellip;<\/p>\n","protected":false},"author":3,"featured_media":486108,"comment_status":"closed","ping_status":"open","sticky":false,"template":"","format":"standard","meta":{"footnotes":""},"categories":[13],"tags":[],"class_list":["post-512388","post","type-post","status-publish","format-standard","has-post-thumbnail","hentry","category-provincia"],"jetpack_featured_media_url":"https:\/\/www.planbnoticias.com.ar\/wp-content\/uploads\/2026\/01\/legislatura-pampeana.jpeg","_links":{"self":[{"href":"https:\/\/www.planbnoticias.com.ar\/index.php\/wp-json\/wp\/v2\/posts\/512388","targetHints":{"allow":["GET"]}}],"collection":[{"href":"https:\/\/www.planbnoticias.com.ar\/index.php\/wp-json\/wp\/v2\/posts"}],"about":[{"href":"https:\/\/www.planbnoticias.com.ar\/index.php\/wp-json\/wp\/v2\/types\/post"}],"author":[{"embeddable":true,"href":"https:\/\/www.planbnoticias.com.ar\/index.php\/wp-json\/wp\/v2\/users\/3"}],"replies":[{"embeddable":true,"href":"https:\/\/www.planbnoticias.com.ar\/index.php\/wp-json\/wp\/v2\/comments?post=512388"}],"version-history":[{"count":1,"href":"https:\/\/www.planbnoticias.com.ar\/index.php\/wp-json\/wp\/v2\/posts\/512388\/revisions"}],"predecessor-version":[{"id":512389,"href":"https:\/\/www.planbnoticias.com.ar\/index.php\/wp-json\/wp\/v2\/posts\/512388\/revisions\/512389"}],"wp:attachment":[{"href":"https:\/\/www.planbnoticias.com.ar\/index.php\/wp-json\/wp\/v2\/media?parent=512388"}],"wp:term":[{"taxonomy":"category","embeddable":true,"href":"https:\/\/www.planbnoticias.com.ar\/index.php\/wp-json\/wp\/v2\/categories?post=512388"},{"taxonomy":"post_tag","embeddable":true,"href":"https:\/\/www.planbnoticias.com.ar\/index.php\/wp-json\/wp\/v2\/tags?post=512388"}],"curies":[{"name":"wp","href":"https:\/\/api.w.org\/{rel}","templated":true}]}}