{"id":512391,"date":"2026-09-05T13:22:34","date_gmt":"2026-09-05T16:22:34","guid":{"rendered":"https:\/\/www.planbnoticias.com.ar\/?p=512391"},"modified":"2026-09-05T13:22:34","modified_gmt":"2026-09-05T16:22:34","slug":"colapinto-tuvo-una-buena-clasificacion-y-largara-septimo-en-el-gp-de-italia-de-formula-1","status":"publish","type":"post","link":"https:\/\/www.planbnoticias.com.ar\/index.php\/2026\/09\/05\/colapinto-tuvo-una-buena-clasificacion-y-largara-septimo-en-el-gp-de-italia-de-formula-1\/","title":{"rendered":"Colapinto tuvo una buena clasificaci\u00f3n y largar\u00e1 s\u00e9ptimo en el GP de Italia de F\u00f3rmula 1"},"content":{"rendered":"<p><img fetchpriority=\"high\" decoding=\"async\" class=\"alignnone size-full wp-image-512392\" src=\"https:\/\/www.planbnoticias.com.ar\/wp-content\/uploads\/2026\/09\/chocapinto.avif\" alt=\"\" width=\"810\" height=\"540\" srcset=\"https:\/\/www.planbnoticias.com.ar\/wp-content\/uploads\/2026\/09\/chocapinto.avif 810w, https:\/\/www.planbnoticias.com.ar\/wp-content\/uploads\/2026\/09\/chocapinto-300x200.avif 300w, https:\/\/www.planbnoticias.com.ar\/wp-content\/uploads\/2026\/09\/chocapinto-768x512.avif 768w, https:\/\/www.planbnoticias.com.ar\/wp-content\/uploads\/2026\/09\/chocapinto-585x390.avif 585w, https:\/\/www.planbnoticias.com.ar\/wp-content\/uploads\/2026\/09\/chocapinto-263x175.avif 263w\" sizes=\"(max-width: 810px) 100vw, 810px\" \/><\/p>\n<p>La gran sorpresa la dio su compa\u00f1ero de equipo en Alpine, el franc\u00e9s Pierre Gasly, quien se qued\u00f3 con la pole position.<\/p>\n<p>El piloto argentino Franco Colapinto (Alpine) tuvo una buena clasificaci\u00f3n y largar\u00e1 s\u00e9ptimo en la carrera del Gran Premio de Italia de F\u00f3rmula 1.<\/p>\n<p>La gran sorpresa la dio su compa\u00f1ero de equipo en Alpine, el franc\u00e9s Pierre Gasly, quien se qued\u00f3 con la pole position.<\/p>\n<p>Desde el inicio de la clasificaci\u00f3n, Colapinto se mostr\u00f3 muy s\u00f3lido, ya que en la Q1 avanz\u00f3 f\u00e1cilmente gracias a su registro de vuelta de 1:22,662.<\/p>\n<p><script async src=\"\/\/pagead2.googlesyndication.com\/pagead\/js\/adsbygoogle.js\"><\/script><br \/>\n<!-- Publi m\u00f3vil interior nota --><br \/>\n<ins class=\"adsbygoogle\" style=\"display: inline-btiembrepblock; width: 320px; height: 100px;\" data-ad-client=\"ca-pub-7250018434179914\" data-ad-slot=\"1040343543\"><\/ins><br \/>\n<script>\n(adsbygoogle = window.adsbygoogle || []).push({});\n<\/script><\/p>\n<p>Ya en la Q2, Colapinto mejor\u00f3 a\u00fan m\u00e1s su tiempo al girar en 1:22,40. Si bien parec\u00eda que con este registro no le iba a alcanzar para meterse en la \u00faltima sesi\u00f3n clasificatoria, el argentino dio la sorpresa al terminar en la octava colocaci\u00f3n, incluso por delante de los pilotos de Ferrari, que son el brit\u00e1nico Lewis Hamilton y el monegasco Charles Leclerc.<\/p>\n<p>Finalmente, en la Q3 Colapinto se qued\u00f3 con la octava posici\u00f3n luego de girar en 1:22,220. Sin embargo, comenzar\u00e1 en la s\u00e9ptima colocaci\u00f3n debido a la sanci\u00f3n al italiano y l\u00edder del campeonato, el italiano Kimi Antonelli (Mercedes), por el cambio en su unidad de potencia.<\/p>\n<p>De esta manera, el piloto argentino tendr\u00e1 una muy buena oportunidad para sumar puntos, en un Gran Premio donde est\u00e1 exprimiendo muy bien las actualizaciones en su Alpine.<\/p>\n<p>Sin dudas la gran sorpresa de la jornada y una de las mayores de la temporada la dio su compa\u00f1ero de equipo, el franc\u00e9s Gasly, quien vol\u00f3 en la Q3 y consigui\u00f3 la primera posici\u00f3n gracias a su incre\u00edble registro de 1:21,786.<\/p>\n<p>En la segunda posici\u00f3n qued\u00f3 el brit\u00e1nico George Russell (Mercedes), mientras que el top 5 lo completaron el australiano Oscar Piastri (McLaren), el monegasco Charles Leclerc (Ferrari) y el brit\u00e1nico Lewis Hamilton (Ferrari).<\/p>\n<p>La carrera del Gran Premio de Italia, correspondiente a la decimotercera fecha del campeonato de F\u00f3rmula 1, ser\u00e1 este domingo a las 10 de la ma\u00f1ana. (Agencia NA).<\/p>\n","protected":false},"excerpt":{"rendered":"<p>La gran sorpresa la dio su compa\u00f1ero de equipo en Alpine, el franc\u00e9s Pierre Gasly, quien se qued\u00f3 con la pole position. El piloto argentino Franco Colapinto (Alpine) tuvo una&hellip;<\/p>\n","protected":false},"author":3,"featured_media":512392,"comment_status":"closed","ping_status":"open","sticky":false,"template":"","format":"standard","meta":{"footnotes":""},"categories":[6],"tags":[],"class_list":["post-512391","post","type-post","status-publish","format-standard","has-post-thumbnail","hentry","category-deportes"],"jetpack_featured_media_url":"https:\/\/www.planbnoticias.com.ar\/wp-content\/uploads\/2026\/09\/chocapinto.avif","_links":{"self":[{"href":"https:\/\/www.planbnoticias.com.ar\/index.php\/wp-json\/wp\/v2\/posts\/512391","targetHints":{"allow":["GET"]}}],"collection":[{"href":"https:\/\/www.planbnoticias.com.ar\/index.php\/wp-json\/wp\/v2\/posts"}],"about":[{"href":"https:\/\/www.planbnoticias.com.ar\/index.php\/wp-json\/wp\/v2\/types\/post"}],"author":[{"embeddable":true,"href":"https:\/\/www.planbnoticias.com.ar\/index.php\/wp-json\/wp\/v2\/users\/3"}],"replies":[{"embeddable":true,"href":"https:\/\/www.planbnoticias.com.ar\/index.php\/wp-json\/wp\/v2\/comments?post=512391"}],"version-history":[{"count":1,"href":"https:\/\/www.planbnoticias.com.ar\/index.php\/wp-json\/wp\/v2\/posts\/512391\/revisions"}],"predecessor-version":[{"id":512393,"href":"https:\/\/www.planbnoticias.com.ar\/index.php\/wp-json\/wp\/v2\/posts\/512391\/revisions\/512393"}],"wp:featuredmedia":[{"embeddable":true,"href":"https:\/\/www.planbnoticias.com.ar\/index.php\/wp-json\/wp\/v2\/media\/512392"}],"wp:attachment":[{"href":"https:\/\/www.planbnoticias.com.ar\/index.php\/wp-json\/wp\/v2\/media?parent=512391"}],"wp:term":[{"taxonomy":"category","embeddable":true,"href":"https:\/\/www.planbnoticias.com.ar\/index.php\/wp-json\/wp\/v2\/categories?post=512391"},{"taxonomy":"post_tag","embeddable":true,"href":"https:\/\/www.planbnoticias.com.ar\/index.php\/wp-json\/wp\/v2\/tags?post=512391"}],"curies":[{"name":"wp","href":"https:\/\/api.w.org\/{rel}","templated":true}]}}