{"id":512411,"date":"2026-09-05T14:33:31","date_gmt":"2026-09-05T17:33:31","guid":{"rendered":"https:\/\/www.planbnoticias.com.ar\/?p=512411"},"modified":"2026-09-05T14:33:31","modified_gmt":"2026-09-05T17:33:31","slug":"murio-alberto-iribarne-ex-ministro-de-justicia-de-nestor-kirchner","status":"publish","type":"post","link":"https:\/\/www.planbnoticias.com.ar\/index.php\/2026\/09\/05\/murio-alberto-iribarne-ex-ministro-de-justicia-de-nestor-kirchner\/","title":{"rendered":"Muri\u00f3 Alberto Iribarne, ex ministro de Justicia de N\u00e9stor Kirchner"},"content":{"rendered":"<p><img fetchpriority=\"high\" decoding=\"async\" class=\"alignnone size-full wp-image-512412\" src=\"https:\/\/www.planbnoticias.com.ar\/wp-content\/uploads\/2026\/09\/iribarne.avif\" alt=\"\" width=\"904\" height=\"720\" srcset=\"https:\/\/www.planbnoticias.com.ar\/wp-content\/uploads\/2026\/09\/iribarne.avif 904w, https:\/\/www.planbnoticias.com.ar\/wp-content\/uploads\/2026\/09\/iribarne-300x239.avif 300w, https:\/\/www.planbnoticias.com.ar\/wp-content\/uploads\/2026\/09\/iribarne-768x612.avif 768w, https:\/\/www.planbnoticias.com.ar\/wp-content\/uploads\/2026\/09\/iribarne-585x466.avif 585w\" sizes=\"(max-width: 904px) 100vw, 904px\" \/><\/p>\n<p>Ten\u00eda 75 a\u00f1os y una extensa trayectoria en la funci\u00f3n p\u00fablica. Fue ministro de Justicia de N\u00e9stor Kirchner, diputado, convencional constituyente y embajador en Uruguay.<\/p>\n<p>El ex ministro de Justicia y ex embajador argentino Alberto Iribarne falleci\u00f3 a los 75 a\u00f1os, seg\u00fan confirmaron sus familiares a trav\u00e9s de un emotivo mensaje de despedida.<\/p>\n<p>Dirigente de trayectoria hist\u00f3rica en el peronismo, Iribarne (1950-2026) ocup\u00f3 diversos cargos de relevancia en la funci\u00f3n p\u00fablica a lo largo de las \u00faltimas d\u00e9cadas. Fue diputado nacional, convencional constituyente durante la reforma constitucional de 1994, ministro de Justicia y Derechos Humanos durante la gesti\u00f3n de N\u00e9stor Kirchner y embajador de la Argentina ante la Rep\u00fablica Oriental del Uruguay entre 2020 y 2023.<\/p>\n<p><script async src=\"\/\/pagead2.googlesyndication.com\/pagead\/js\/adsbygoogle.js\"><\/script><br \/>\n<!-- Publi m\u00f3vil interior nota --><br \/>\n<ins class=\"adsbygoogle\" style=\"display: inline-btiembrepblock; width: 320px; height: 100px;\" data-ad-client=\"ca-pub-7250018434179914\" data-ad-slot=\"1040343543\"><\/ins><br \/>\n<script>\n(adsbygoogle = window.adsbygoogle || []).push({});\n<\/script><\/p>\n<p>\u00abHombre afectuoso y solidario, de profundas convicciones, hizo del compromiso social y pol\u00edtico una forma de vida y de servicio\u00bb, se\u00f1alaron sus hijos al dar a conocer la noticia, al tiempo que destacaron que asumi\u00f3 sus responsabilidades p\u00fablicas \u00abcon la misma pasi\u00f3n y vocaci\u00f3n con las que abraz\u00f3 sus ideales\u00bb.<\/p>\n<p>En el mensaje difundido para despedirlo, la familia remarc\u00f3 su calidad personal m\u00e1s all\u00e1 de los honores pol\u00edticos: \u00abPor sobre los cargos y los honores, nos queda el hombre: su generosidad, su palabra, sus ense\u00f1anzas y la huella que dej\u00f3 en quienes compartieron su camino\u00bb.<\/p>\n<p>La noticia repercuti\u00f3 en el mundo de la pol\u00edtica y en el peronismo. El ex ministro del Interior, An\u00edbal Fern\u00e1ndez, expres\u00f3: \u201cQue Dios te bendiga querido amigo\u201d.<\/p>\n<p>Por su parte, el diputado nacional y ex ministro de Defensa Agust\u00edn Rossi public\u00f3 en sus redes: \u201cFalleci\u00f3 Alberto Iribarne. Defensor de la causa peronista siempre. Compa\u00f1ero consecuente con ideas, de gran calidez y bonhomia. Abrazo a sus compa\u00f1eros y familiares\u201d. (Agencia NA).<\/p>\n","protected":false},"excerpt":{"rendered":"<p>Ten\u00eda 75 a\u00f1os y una extensa trayectoria en la funci\u00f3n p\u00fablica. Fue ministro de Justicia de N\u00e9stor Kirchner, diputado, convencional constituyente y embajador en Uruguay. El ex ministro de Justicia&hellip;<\/p>\n","protected":false},"author":3,"featured_media":512412,"comment_status":"closed","ping_status":"open","sticky":false,"template":"","format":"standard","meta":{"footnotes":""},"categories":[12],"tags":[],"class_list":["post-512411","post","type-post","status-publish","format-standard","has-post-thumbnail","hentry","category-pais"],"jetpack_featured_media_url":"https:\/\/www.planbnoticias.com.ar\/wp-content\/uploads\/2026\/09\/iribarne.avif","_links":{"self":[{"href":"https:\/\/www.planbnoticias.com.ar\/index.php\/wp-json\/wp\/v2\/posts\/512411","targetHints":{"allow":["GET"]}}],"collection":[{"href":"https:\/\/www.planbnoticias.com.ar\/index.php\/wp-json\/wp\/v2\/posts"}],"about":[{"href":"https:\/\/www.planbnoticias.com.ar\/index.php\/wp-json\/wp\/v2\/types\/post"}],"author":[{"embeddable":true,"href":"https:\/\/www.planbnoticias.com.ar\/index.php\/wp-json\/wp\/v2\/users\/3"}],"replies":[{"embeddable":true,"href":"https:\/\/www.planbnoticias.com.ar\/index.php\/wp-json\/wp\/v2\/comments?post=512411"}],"version-history":[{"count":1,"href":"https:\/\/www.planbnoticias.com.ar\/index.php\/wp-json\/wp\/v2\/posts\/512411\/revisions"}],"predecessor-version":[{"id":512413,"href":"https:\/\/www.planbnoticias.com.ar\/index.php\/wp-json\/wp\/v2\/posts\/512411\/revisions\/512413"}],"wp:featuredmedia":[{"embeddable":true,"href":"https:\/\/www.planbnoticias.com.ar\/index.php\/wp-json\/wp\/v2\/media\/512412"}],"wp:attachment":[{"href":"https:\/\/www.planbnoticias.com.ar\/index.php\/wp-json\/wp\/v2\/media?parent=512411"}],"wp:term":[{"taxonomy":"category","embeddable":true,"href":"https:\/\/www.planbnoticias.com.ar\/index.php\/wp-json\/wp\/v2\/categories?post=512411"},{"taxonomy":"post_tag","embeddable":true,"href":"https:\/\/www.planbnoticias.com.ar\/index.php\/wp-json\/wp\/v2\/tags?post=512411"}],"curies":[{"name":"wp","href":"https:\/\/api.w.org\/{rel}","templated":true}]}}