{"id":512414,"date":"2026-09-05T16:19:43","date_gmt":"2026-09-05T19:19:43","guid":{"rendered":"https:\/\/www.planbnoticias.com.ar\/?p=512414"},"modified":"2026-09-05T18:24:31","modified_gmt":"2026-09-05T21:24:31","slug":"comenzo-la-convencion-radical-que-definira-las-alianzas-para-el-2027","status":"publish","type":"post","link":"https:\/\/www.planbnoticias.com.ar\/index.php\/2026\/09\/05\/comenzo-la-convencion-radical-que-definira-las-alianzas-para-el-2027\/","title":{"rendered":"Comenz\u00f3 la Convenci\u00f3n Radical que definir\u00e1 las alianzas para el 2027"},"content":{"rendered":"<p><img fetchpriority=\"high\" decoding=\"async\" class=\"alignnone size-full wp-image-512419\" src=\"https:\/\/www.planbnoticias.com.ar\/wp-content\/uploads\/2026\/09\/convencion-ucr.jpeg\" alt=\"\" width=\"1280\" height=\"960\" srcset=\"https:\/\/www.planbnoticias.com.ar\/wp-content\/uploads\/2026\/09\/convencion-ucr.jpeg 1280w, https:\/\/www.planbnoticias.com.ar\/wp-content\/uploads\/2026\/09\/convencion-ucr-300x225.jpeg 300w, https:\/\/www.planbnoticias.com.ar\/wp-content\/uploads\/2026\/09\/convencion-ucr-1024x768.jpeg 1024w, https:\/\/www.planbnoticias.com.ar\/wp-content\/uploads\/2026\/09\/convencion-ucr-768x576.jpeg 768w, https:\/\/www.planbnoticias.com.ar\/wp-content\/uploads\/2026\/09\/convencion-ucr-1170x878.jpeg 1170w, https:\/\/www.planbnoticias.com.ar\/wp-content\/uploads\/2026\/09\/convencion-ucr-585x439.jpeg 585w\" sizes=\"(max-width: 1280px) 100vw, 1280px\" \/><\/p>\n<p>Se conform\u00f3 la nueva Mesa Directiva. Fabi\u00e1n Paparini fue elegido como presidente,\u00a0 acompa\u00f1ado por Cintia Gette, Pedro Salas, Andrea Alanis, Juan Cruz Vega. Ana Giaquinto y Dami\u00e1n Ordienco.<\/p>\n<p>Este s\u00e1bado por la tarde dio inicio la Convenci\u00f3n Provincial de la UCR y luego ser\u00e1 la Asamblea Extraordinaria que marcar\u00e1 el rumbo estrat\u00e9gico del partido de cara a las elecciones de 2027. La jornada tiene como eje central la definici\u00f3n sobre su pol\u00edtica de alianzas y la posible conformaci\u00f3n de un frente opositor.<\/p>\n<p>En primer t\u00e9rmino, sesion\u00f3 la Convenci\u00f3n Provincial con una agenda institucional\u00a0 y design\u00f3 a sus nuevas autoridades. All\u00ed, alrededor de las 15,20 horas se conform\u00f3 la nueva Mesa Directiva y se design\u00f3 como presidente a Fabi\u00e1n Paparini,\u00a0 acompa\u00f1ado por Cintia Gette, Cintia Gette, Pedro Salas, Andrea Alanis, Juan Cruz Vega. Ana Giaquinto y Dami\u00e1n Ordienco.<\/p>\n<p><img decoding=\"async\" class=\"alignnone size-full wp-image-512420\" src=\"https:\/\/www.planbnoticias.com.ar\/wp-content\/uploads\/2026\/09\/fabian-paparini.jpeg\" alt=\"\" width=\"1280\" height=\"960\" srcset=\"https:\/\/www.planbnoticias.com.ar\/wp-content\/uploads\/2026\/09\/fabian-paparini.jpeg 1280w, https:\/\/www.planbnoticias.com.ar\/wp-content\/uploads\/2026\/09\/fabian-paparini-300x225.jpeg 300w, https:\/\/www.planbnoticias.com.ar\/wp-content\/uploads\/2026\/09\/fabian-paparini-1024x768.jpeg 1024w, https:\/\/www.planbnoticias.com.ar\/wp-content\/uploads\/2026\/09\/fabian-paparini-768x576.jpeg 768w, https:\/\/www.planbnoticias.com.ar\/wp-content\/uploads\/2026\/09\/fabian-paparini-1170x878.jpeg 1170w, https:\/\/www.planbnoticias.com.ar\/wp-content\/uploads\/2026\/09\/fabian-paparini-585x439.jpeg 585w\" sizes=\"(max-width: 1280px) 100vw, 1280px\" \/><\/p>\n<p>En la Conveni\u00f3n pudo observarse la presencia de los siete diputados provinciales del radicalismo: Hipolito Altolaguirre, Andrea Valderrama Calvo, Javier Torroba, Sergio Pregno, Juli\u00e1n Aguilar, Romina Mota y Gisela Cuadrado.<\/p>\n<p><img decoding=\"async\" class=\"alignnone size-full wp-image-512427\" src=\"https:\/\/www.planbnoticias.com.ar\/wp-content\/uploads\/2026\/09\/aguilar.jpeg\" alt=\"\" width=\"1280\" height=\"959\" srcset=\"https:\/\/www.planbnoticias.com.ar\/wp-content\/uploads\/2026\/09\/aguilar.jpeg 1280w, https:\/\/www.planbnoticias.com.ar\/wp-content\/uploads\/2026\/09\/aguilar-300x225.jpeg 300w, https:\/\/www.planbnoticias.com.ar\/wp-content\/uploads\/2026\/09\/aguilar-1024x767.jpeg 1024w, https:\/\/www.planbnoticias.com.ar\/wp-content\/uploads\/2026\/09\/aguilar-768x575.jpeg 768w, https:\/\/www.planbnoticias.com.ar\/wp-content\/uploads\/2026\/09\/aguilar-1170x877.jpeg 1170w, https:\/\/www.planbnoticias.com.ar\/wp-content\/uploads\/2026\/09\/aguilar-585x438.jpeg 585w\" sizes=\"(max-width: 1280px) 100vw, 1280px\" \/><\/p>\n<p>Otro de los presentes es\u00a0 el concejal y jefe de bloque de UCR capitalina, Diego Camargo.<\/p>\n<p><img loading=\"lazy\" decoding=\"async\" class=\"alignnone size-full wp-image-512428\" src=\"https:\/\/www.planbnoticias.com.ar\/wp-content\/uploads\/2026\/09\/camargo.jpeg\" alt=\"\" width=\"1280\" height=\"960\" srcset=\"https:\/\/www.planbnoticias.com.ar\/wp-content\/uploads\/2026\/09\/camargo.jpeg 1280w, https:\/\/www.planbnoticias.com.ar\/wp-content\/uploads\/2026\/09\/camargo-300x225.jpeg 300w, https:\/\/www.planbnoticias.com.ar\/wp-content\/uploads\/2026\/09\/camargo-1024x768.jpeg 1024w, https:\/\/www.planbnoticias.com.ar\/wp-content\/uploads\/2026\/09\/camargo-768x576.jpeg 768w, https:\/\/www.planbnoticias.com.ar\/wp-content\/uploads\/2026\/09\/camargo-1170x878.jpeg 1170w, https:\/\/www.planbnoticias.com.ar\/wp-content\/uploads\/2026\/09\/camargo-585x439.jpeg 585w\" sizes=\"(max-width: 1280px) 100vw, 1280px\" \/><\/p>\n<p>Tambi\u00e9n intendentes de varias localidades y dirigentes de las distintas l\u00edneas que componen la UCR.<\/p>\n<p><img loading=\"lazy\" decoding=\"async\" class=\"alignnone size-full wp-image-512416\" src=\"https:\/\/www.planbnoticias.com.ar\/wp-content\/uploads\/2026\/09\/poli-altolaguirre-convencion.jpeg\" alt=\"\" width=\"1280\" height=\"960\" srcset=\"https:\/\/www.planbnoticias.com.ar\/wp-content\/uploads\/2026\/09\/poli-altolaguirre-convencion.jpeg 1280w, https:\/\/www.planbnoticias.com.ar\/wp-content\/uploads\/2026\/09\/poli-altolaguirre-convencion-300x225.jpeg 300w, https:\/\/www.planbnoticias.com.ar\/wp-content\/uploads\/2026\/09\/poli-altolaguirre-convencion-1024x768.jpeg 1024w, https:\/\/www.planbnoticias.com.ar\/wp-content\/uploads\/2026\/09\/poli-altolaguirre-convencion-768x576.jpeg 768w, https:\/\/www.planbnoticias.com.ar\/wp-content\/uploads\/2026\/09\/poli-altolaguirre-convencion-1170x878.jpeg 1170w, https:\/\/www.planbnoticias.com.ar\/wp-content\/uploads\/2026\/09\/poli-altolaguirre-convencion-585x439.jpeg 585w\" sizes=\"(max-width: 1280px) 100vw, 1280px\" \/><\/p>\n<p>Luego se llevar\u00e1 a cabo la instancia pol\u00edtica: un plenario conjunto de la Convenci\u00f3n y del Comit\u00e9 Provincia. Ser\u00e1 en este espacio donde se debatir\u00e1 y se votar\u00e1 la autorizaci\u00f3n para negociar acuerdos electorales con otras fuerzas pol\u00edticas, dando el primer paso concreto para el armado de cara a 2027.<\/p>\n<p><script async src=\"\/\/pagead2.googlesyndication.com\/pagead\/js\/adsbygoogle.js\"><\/script><\/p>\n<p><!-- Publi m\u00f3vil interior nota --><\/p>\n<p>&nbsp;<\/p>\n<p><script><\/p>\n<p>(adsbygoogle = window.adsbygoogle || []).push({});<\/p>\n<p><\/script><br \/>\nEl panorama actual anticipa que las negociaciones podr\u00edan incluir a partidos con los que la UCR mantuvo marcadas diferencias durante los \u00faltimos a\u00f1os, como La Libertad Avanza y Comunidad Organizada. A su vez, la estrategia contempla sumar a espacios con los que el radicalismo ya ha compartido boletas en anteriores comicios, como el PRO, Mofepa, el MID o el Partido del Frente.<\/p>\n<p><img loading=\"lazy\" decoding=\"async\" class=\"alignnone size-full wp-image-512415\" src=\"https:\/\/www.planbnoticias.com.ar\/wp-content\/uploads\/2026\/09\/berhongaray-kroneberger.jpeg\" alt=\"\" width=\"1280\" height=\"960\" srcset=\"https:\/\/www.planbnoticias.com.ar\/wp-content\/uploads\/2026\/09\/berhongaray-kroneberger.jpeg 1280w, https:\/\/www.planbnoticias.com.ar\/wp-content\/uploads\/2026\/09\/berhongaray-kroneberger-300x225.jpeg 300w, https:\/\/www.planbnoticias.com.ar\/wp-content\/uploads\/2026\/09\/berhongaray-kroneberger-1024x768.jpeg 1024w, https:\/\/www.planbnoticias.com.ar\/wp-content\/uploads\/2026\/09\/berhongaray-kroneberger-768x576.jpeg 768w, https:\/\/www.planbnoticias.com.ar\/wp-content\/uploads\/2026\/09\/berhongaray-kroneberger-1170x878.jpeg 1170w, https:\/\/www.planbnoticias.com.ar\/wp-content\/uploads\/2026\/09\/berhongaray-kroneberger-585x439.jpeg 585w\" sizes=\"(max-width: 1280px) 100vw, 1280px\" \/><\/p>\n<p>Se prev\u00e9 una jornada intensa en la UCR, donde no todos los sectores est\u00e1n de acuerdo en aliarse con Comunidad Organizada y La Libertad Avanza. Uno de sus dirigentes, Pedro Salas, es una de las principales voces que, de manera p\u00fablica, cuestiona esta posibilidad.<\/p>\n<p><img loading=\"lazy\" decoding=\"async\" class=\"alignnone size-full wp-image-512421\" src=\"https:\/\/www.planbnoticias.com.ar\/wp-content\/uploads\/2026\/09\/korneberger-garcia.jpeg\" alt=\"\" width=\"1280\" height=\"960\" srcset=\"https:\/\/www.planbnoticias.com.ar\/wp-content\/uploads\/2026\/09\/korneberger-garcia.jpeg 1280w, https:\/\/www.planbnoticias.com.ar\/wp-content\/uploads\/2026\/09\/korneberger-garcia-300x225.jpeg 300w, https:\/\/www.planbnoticias.com.ar\/wp-content\/uploads\/2026\/09\/korneberger-garcia-1024x768.jpeg 1024w, https:\/\/www.planbnoticias.com.ar\/wp-content\/uploads\/2026\/09\/korneberger-garcia-768x576.jpeg 768w, https:\/\/www.planbnoticias.com.ar\/wp-content\/uploads\/2026\/09\/korneberger-garcia-1170x878.jpeg 1170w, https:\/\/www.planbnoticias.com.ar\/wp-content\/uploads\/2026\/09\/korneberger-garcia-585x439.jpeg 585w\" sizes=\"(max-width: 1280px) 100vw, 1280px\" \/><\/p>\n<p>En cuanto a las candidaturas, el exdiputado nacional y actual presidente del Comit\u00e9 Provincia, Mart\u00edn Berhongaray, se consolida como el candidato a gobernador, cargo que estuvo cerca de alcanzar en la elecci\u00f3n del 2023.<\/p>\n<p><img loading=\"lazy\" decoding=\"async\" class=\"alignnone size-full wp-image-512422\" src=\"https:\/\/www.planbnoticias.com.ar\/wp-content\/uploads\/2026\/09\/convencion-ucr4.jpeg\" alt=\"\" width=\"1280\" height=\"960\" srcset=\"https:\/\/www.planbnoticias.com.ar\/wp-content\/uploads\/2026\/09\/convencion-ucr4.jpeg 1280w, https:\/\/www.planbnoticias.com.ar\/wp-content\/uploads\/2026\/09\/convencion-ucr4-300x225.jpeg 300w, https:\/\/www.planbnoticias.com.ar\/wp-content\/uploads\/2026\/09\/convencion-ucr4-1024x768.jpeg 1024w, https:\/\/www.planbnoticias.com.ar\/wp-content\/uploads\/2026\/09\/convencion-ucr4-768x576.jpeg 768w, https:\/\/www.planbnoticias.com.ar\/wp-content\/uploads\/2026\/09\/convencion-ucr4-1170x878.jpeg 1170w, https:\/\/www.planbnoticias.com.ar\/wp-content\/uploads\/2026\/09\/convencion-ucr4-585x439.jpeg 585w\" sizes=\"(max-width: 1280px) 100vw, 1280px\" \/><\/p>\n<p>Otro factor de peso en la estrat\u00e9gica partidaria es la fuerza territorial. Los 28 intendentes radicales del interior representan uno de los principales capitales pol\u00edticos de la UCR. La mayor\u00eda de estos mandatarios apunta a la reelecci\u00f3n el a\u00f1o entrante, por lo que su respaldo ser\u00e1 clave en cualquier acuerdo que se cierre en la jornada de hoy.<\/p>\n<p><img loading=\"lazy\" decoding=\"async\" class=\"alignnone size-full wp-image-512428\" src=\"https:\/\/www.planbnoticias.com.ar\/wp-content\/uploads\/2026\/09\/camargo.jpeg\" alt=\"\" width=\"1280\" height=\"960\" srcset=\"https:\/\/www.planbnoticias.com.ar\/wp-content\/uploads\/2026\/09\/camargo.jpeg 1280w, https:\/\/www.planbnoticias.com.ar\/wp-content\/uploads\/2026\/09\/camargo-300x225.jpeg 300w, https:\/\/www.planbnoticias.com.ar\/wp-content\/uploads\/2026\/09\/camargo-1024x768.jpeg 1024w, https:\/\/www.planbnoticias.com.ar\/wp-content\/uploads\/2026\/09\/camargo-768x576.jpeg 768w, https:\/\/www.planbnoticias.com.ar\/wp-content\/uploads\/2026\/09\/camargo-1170x878.jpeg 1170w, https:\/\/www.planbnoticias.com.ar\/wp-content\/uploads\/2026\/09\/camargo-585x439.jpeg 585w\" sizes=\"(max-width: 1280px) 100vw, 1280px\" \/><\/p>\n","protected":false},"excerpt":{"rendered":"<p>Se conform\u00f3 la nueva Mesa Directiva. Fabi\u00e1n Paparini fue elegido como presidente,\u00a0 acompa\u00f1ado por Cintia Gette, Pedro Salas, Andrea Alanis, Juan Cruz Vega. Ana Giaquinto y Dami\u00e1n Ordienco. Este s\u00e1bado&hellip;<\/p>\n","protected":false},"author":3,"featured_media":512419,"comment_status":"closed","ping_status":"open","sticky":false,"template":"","format":"standard","meta":{"footnotes":""},"categories":[7,13],"tags":[],"class_list":["post-512414","post","type-post","status-publish","format-standard","has-post-thumbnail","hentry","category-destacadas","category-provincia"],"jetpack_featured_media_url":"https:\/\/www.planbnoticias.com.ar\/wp-content\/uploads\/2026\/09\/convencion-ucr.jpeg","_links":{"self":[{"href":"https:\/\/www.planbnoticias.com.ar\/index.php\/wp-json\/wp\/v2\/posts\/512414","targetHints":{"allow":["GET"]}}],"collection":[{"href":"https:\/\/www.planbnoticias.com.ar\/index.php\/wp-json\/wp\/v2\/posts"}],"about":[{"href":"https:\/\/www.planbnoticias.com.ar\/index.php\/wp-json\/wp\/v2\/types\/post"}],"author":[{"embeddable":true,"href":"https:\/\/www.planbnoticias.com.ar\/index.php\/wp-json\/wp\/v2\/users\/3"}],"replies":[{"embeddable":true,"href":"https:\/\/www.planbnoticias.com.ar\/index.php\/wp-json\/wp\/v2\/comments?post=512414"}],"version-history":[{"count":6,"href":"https:\/\/www.planbnoticias.com.ar\/index.php\/wp-json\/wp\/v2\/posts\/512414\/revisions"}],"predecessor-version":[{"id":512430,"href":"https:\/\/www.planbnoticias.com.ar\/index.php\/wp-json\/wp\/v2\/posts\/512414\/revisions\/512430"}],"wp:featuredmedia":[{"embeddable":true,"href":"https:\/\/www.planbnoticias.com.ar\/index.php\/wp-json\/wp\/v2\/media\/512419"}],"wp:attachment":[{"href":"https:\/\/www.planbnoticias.com.ar\/index.php\/wp-json\/wp\/v2\/media?parent=512414"}],"wp:term":[{"taxonomy":"category","embeddable":true,"href":"https:\/\/www.planbnoticias.com.ar\/index.php\/wp-json\/wp\/v2\/categories?post=512414"},{"taxonomy":"post_tag","embeddable":true,"href":"https:\/\/www.planbnoticias.com.ar\/index.php\/wp-json\/wp\/v2\/tags?post=512414"}],"curies":[{"name":"wp","href":"https:\/\/api.w.org\/{rel}","templated":true}]}}