{"id":512431,"date":"2026-09-05T17:24:30","date_gmt":"2026-09-05T20:24:30","guid":{"rendered":"https:\/\/www.planbnoticias.com.ar\/?p=512431"},"modified":"2026-09-05T17:24:30","modified_gmt":"2026-09-05T20:24:30","slug":"copa-argentina-velez-pidio-formalmente-la-descalificacion-de-boca-por-formacion-indebida","status":"publish","type":"post","link":"https:\/\/www.planbnoticias.com.ar\/index.php\/2026\/09\/05\/copa-argentina-velez-pidio-formalmente-la-descalificacion-de-boca-por-formacion-indebida\/","title":{"rendered":"Copa Argentina: V\u00e9lez pidi\u00f3 formalmente la descalificaci\u00f3n de Boca por \u201cformaci\u00f3n indebida\u201d"},"content":{"rendered":"<p><img fetchpriority=\"high\" decoding=\"async\" class=\"alignnone size-full wp-image-512174\" src=\"https:\/\/www.planbnoticias.com.ar\/wp-content\/uploads\/2026\/09\/boca.avif\" alt=\"\" width=\"1000\" height=\"651\" srcset=\"https:\/\/www.planbnoticias.com.ar\/wp-content\/uploads\/2026\/09\/boca.avif 1000w, https:\/\/www.planbnoticias.com.ar\/wp-content\/uploads\/2026\/09\/boca-300x195.avif 300w, https:\/\/www.planbnoticias.com.ar\/wp-content\/uploads\/2026\/09\/boca-768x500.avif 768w, https:\/\/www.planbnoticias.com.ar\/wp-content\/uploads\/2026\/09\/boca-585x381.avif 585w\" sizes=\"(max-width: 1000px) 100vw, 1000px\" \/><\/p>\n<p>El club de Liniers acusa al Xeneize de contar con seis extranjeros, uno de m\u00e1s de los permitidos y\u00a0 va a fondo con su reclamo a la AFA.<\/p>\n<p>V\u00e9lez realiz\u00f3 un reclamo formal en la Asociaci\u00f3n del F\u00fatbol Argentino tras la derrota por penales contra Boca en la Copa Argentina. El equipo de Liniers public\u00f3 un comunicado en el que informa que acudi\u00f3 al Tribunal de Disciplina del m\u00e1ximo organismo del f\u00fatbol dom\u00e9stico, para pedir la impugnaci\u00f3n de dicho partido y el avance a los cuartos de final de la competencia.<\/p>\n<p>El fundamento de V\u00e9lez para pedir la eliminaci\u00f3n de Boca en el torneo es que se incluyeron seis extranjeros en la planilla, cuando por reglamento solo est\u00e1n permitidos cinco en un mismo partido. Los futbolistas for\u00e1neos anotados por el conjunto que se qued\u00f3 con la serie por penales fueron \u00c1lvaro Montero, Leandro Lozano, Sebasti\u00e1n Villa, Carlos Palacios, Enner Valencia y \u00c1ngel Romero.<\/p>\n<p>En su escrito, publicado en las cuentas oficiales del club, V\u00e9lez afirma que present\u00f3 ante el Tribunal de Disciplina de la AFA la protesta e impugnaci\u00f3n del partido del pasado 2 de septiembre por los octavos de final de la Copa Argentina.<\/p>\n<p><script async src=\"\/\/pagead2.googlesyndication.com\/pagead\/js\/adsbygoogle.js\"><\/script><br \/>\n<!-- Publi m\u00f3vil interior nota --><br \/>\n<ins class=\"adsbygoogle\" style=\"display: inline-btiembrepblock; width: 320px; height: 100px;\" data-ad-client=\"ca-pub-7250018434179914\" data-ad-slot=\"1040343543\"><\/ins><br \/>\n<script>\n(adsbygoogle = window.adsbygoogle || []).push({});\n<\/script><\/p>\n<p>\u00abLa presentaci\u00f3n se funda en un hecho objetivo y documentado: Boca Juniors incluy\u00f3 en la planilla oficial del encuentro a seis futbolistas extranjeros cuando la normativa vigente establece un m\u00e1ximo de cinco habilitados para integrarla. La situaci\u00f3n surge de la propia planilla oficial del partido y de los registros del sistema COMET de la AFA\u00bb, fundamentaron desde Liniers.<\/p>\n<p>&nbsp;<\/p>\n<blockquote class=\"twitter-tweet\">\n<p dir=\"ltr\" lang=\"es\">\u26aa\ufe0f\ud83d\udd35 COMUNICADO OFICIAL<\/p>\n<p>El Club Atl\u00e9tico V\u00e9lez Sarsfield informa que present\u00f3 formalmente ante el Tribunal de Disciplina de la AFA la protesta e impugnaci\u00f3n del partido disputado el pasado 2 de septiembre frente a Boca Juniors por los octavos de final de la Copa Argentina.<\/p>\n<p>La\u2026 <a href=\"https:\/\/t.co\/cJT4rkCF6c\">pic.twitter.com\/cJT4rkCF6c<\/a><\/p>\n<p>\u2014 V\u00e9lez Sarsfield (@Velez) <a href=\"https:\/\/x.com\/Velez\/status\/2096283180848267427?ref_src=twsrc%5Etfw\">September 5, 2026<\/a><\/p><\/blockquote>\n<p><script async src=\"https:\/\/platform.x.com\/widgets.js\" charset=\"utf-8\"><\/script><\/p>\n<p>A su vez, el comunicado destaca: \u00abNo se trata de una cuesti\u00f3n de interpretaci\u00f3n ni de una discusi\u00f3n arbitral. Se trata del cumplimiento de una regla vigente y de una documentaci\u00f3n oficial que acredita su incumplimiento\u00bb.<\/p>\n<p>En cuanto al foco central del reclamo, afirmaron: \u00abV\u00e9lez solicit\u00f3 que se declare configurada la alineaci\u00f3n indebida y, en consecuencia, se reconozca la clasificaci\u00f3n de nuestra instituci\u00f3n a los cuartos de final de la Copa Argentina. Asimismo, se requiri\u00f3 la suspensi\u00f3n de los efectos deportivos de la clasificaci\u00f3n atribuida a Boca hasta tanto exista una resoluci\u00f3n definitiva sobre la protesta\u00bb.<\/p>\n<p>Por \u00faltimo, desde V\u00e9lez concluyeron de manera contundente: \u00abV\u00e9lez defender\u00e1 esta posici\u00f3n por las v\u00edas institucionales correspondientes porque entiende que la igualdad ante las reglas no puede ser optativa\u00bb. (Agencia NA).<\/p>\n","protected":false},"excerpt":{"rendered":"<p>El club de Liniers acusa al Xeneize de contar con seis extranjeros, uno de m\u00e1s de los permitidos y\u00a0 va a fondo con su reclamo a la AFA. V\u00e9lez realiz\u00f3&hellip;<\/p>\n","protected":false},"author":3,"featured_media":512174,"comment_status":"closed","ping_status":"open","sticky":false,"template":"","format":"standard","meta":{"footnotes":""},"categories":[6],"tags":[],"class_list":["post-512431","post","type-post","status-publish","format-standard","has-post-thumbnail","hentry","category-deportes"],"jetpack_featured_media_url":"https:\/\/www.planbnoticias.com.ar\/wp-content\/uploads\/2026\/09\/boca.avif","_links":{"self":[{"href":"https:\/\/www.planbnoticias.com.ar\/index.php\/wp-json\/wp\/v2\/posts\/512431","targetHints":{"allow":["GET"]}}],"collection":[{"href":"https:\/\/www.planbnoticias.com.ar\/index.php\/wp-json\/wp\/v2\/posts"}],"about":[{"href":"https:\/\/www.planbnoticias.com.ar\/index.php\/wp-json\/wp\/v2\/types\/post"}],"author":[{"embeddable":true,"href":"https:\/\/www.planbnoticias.com.ar\/index.php\/wp-json\/wp\/v2\/users\/3"}],"replies":[{"embeddable":true,"href":"https:\/\/www.planbnoticias.com.ar\/index.php\/wp-json\/wp\/v2\/comments?post=512431"}],"version-history":[{"count":1,"href":"https:\/\/www.planbnoticias.com.ar\/index.php\/wp-json\/wp\/v2\/posts\/512431\/revisions"}],"predecessor-version":[{"id":512432,"href":"https:\/\/www.planbnoticias.com.ar\/index.php\/wp-json\/wp\/v2\/posts\/512431\/revisions\/512432"}],"wp:featuredmedia":[{"embeddable":true,"href":"https:\/\/www.planbnoticias.com.ar\/index.php\/wp-json\/wp\/v2\/media\/512174"}],"wp:attachment":[{"href":"https:\/\/www.planbnoticias.com.ar\/index.php\/wp-json\/wp\/v2\/media?parent=512431"}],"wp:term":[{"taxonomy":"category","embeddable":true,"href":"https:\/\/www.planbnoticias.com.ar\/index.php\/wp-json\/wp\/v2\/categories?post=512431"},{"taxonomy":"post_tag","embeddable":true,"href":"https:\/\/www.planbnoticias.com.ar\/index.php\/wp-json\/wp\/v2\/tags?post=512431"}],"curies":[{"name":"wp","href":"https:\/\/api.w.org\/{rel}","templated":true}]}}