{"id":512433,"date":"2026-09-05T18:23:54","date_gmt":"2026-09-05T21:23:54","guid":{"rendered":"https:\/\/www.planbnoticias.com.ar\/?p=512433"},"modified":"2026-09-05T20:26:21","modified_gmt":"2026-09-05T23:26:21","slug":"gonzalez-el-plan-de-desarrollo-economico-y-productivo-de-la-pampa-es-nuestra-hoja-de-ruta","status":"publish","type":"post","link":"https:\/\/www.planbnoticias.com.ar\/index.php\/2026\/09\/05\/gonzalez-el-plan-de-desarrollo-economico-y-productivo-de-la-pampa-es-nuestra-hoja-de-ruta\/","title":{"rendered":"Gonz\u00e1lez: \u201cEl Plan de Desarrollo Econ\u00f3mico y Productivo de La Pampa es nuestra hoja de ruta\u201d"},"content":{"rendered":"<p><img fetchpriority=\"high\" decoding=\"async\" class=\"alignnone size-full wp-image-512434\" src=\"https:\/\/www.planbnoticias.com.ar\/wp-content\/uploads\/2026\/09\/gonzalez.avif\" alt=\"\" width=\"1616\" height=\"1080\" srcset=\"https:\/\/www.planbnoticias.com.ar\/wp-content\/uploads\/2026\/09\/gonzalez.avif 1616w, https:\/\/www.planbnoticias.com.ar\/wp-content\/uploads\/2026\/09\/gonzalez-300x200.avif 300w, https:\/\/www.planbnoticias.com.ar\/wp-content\/uploads\/2026\/09\/gonzalez-1024x684.avif 1024w, https:\/\/www.planbnoticias.com.ar\/wp-content\/uploads\/2026\/09\/gonzalez-768x513.avif 768w, https:\/\/www.planbnoticias.com.ar\/wp-content\/uploads\/2026\/09\/gonzalez-1536x1027.avif 1536w, https:\/\/www.planbnoticias.com.ar\/wp-content\/uploads\/2026\/09\/gonzalez-1170x782.avif 1170w, https:\/\/www.planbnoticias.com.ar\/wp-content\/uploads\/2026\/09\/gonzalez-585x391.avif 585w, https:\/\/www.planbnoticias.com.ar\/wp-content\/uploads\/2026\/09\/gonzalez-263x175.avif 263w\" sizes=\"(max-width: 1616px) 100vw, 1616px\" \/><\/p>\n<p>La 92\u00b0 Exposici\u00f3n Rural, Agr\u00edcola, Industrial, Comercial y de Servicios de General Pico est\u00e1 en marcha, acompa\u00f1ada como en cada instancia, por el Gobierno provincial a trav\u00e9s del Ministerio de la Producci\u00f3n, en pos de visibilizar el potencial productivo regional.En ese contexto, la ministra de la Producci\u00f3n rescat\u00f3 las diversas l\u00edneas de acompa\u00f1amiento que dispone el Gobierno provincial a disposici\u00f3n de los distintos sectores productivos pampeanos.<\/p>\n<p>Bajo el lema \u201cConectando ra\u00edces con futuro\u201d, la Asociaci\u00f3n Sociedad Rural lleva a cabo dicho evento, con el objetivo de visibilizar el potencial productivo del norte provincial, generar v\u00ednculos entre los diversos sectores y acercar al p\u00fablico las novedades en tecnolog\u00eda, maquinaria y servicios, sobre todo para el campo pampeano. En el acto inaugural concretado hoy, luego del tradicional recorrido por el predio que alberga en esta oportunidad a m\u00e1s de 200 expositores, estuvieron presentes la ministra de la Producci\u00f3n, Fernanda Gonz\u00e1lez, el presidente de la Sociedad Rural, Carlos Matilla, el senador Nacional, Daniel Bensusan, el diputado Nacional, Abelardo Ferr\u00e1n, el presidente de CARBAP, Pablo Ginestet, la intendenta, Fernanda Alonso, junto a dem\u00e1s funcionarios provinciales y referentes de los distintos sectores productivos que apuestan, un a\u00f1o m\u00e1s, al desarrollo tecnol\u00f3gico y a la articulaci\u00f3n p\u00fablico-privada en la regi\u00f3n.<\/p>\n<p><script async src=\"\/\/pagead2.googlesyndication.com\/pagead\/js\/adsbygoogle.js\"><\/script><\/p>\n<p><!-- Publi m\u00f3vil interior nota --><\/p>\n<p>&nbsp;<\/p>\n<p><script><\/p>\n<p>(adsbygoogle = window.adsbygoogle || []).push({});<\/p>\n<p><\/script><\/p>\n<p>El Ministerio de la Producci\u00f3n como cada a\u00f1o dijo presente a trav\u00e9s de su stand institucional, con el fin de visibilizar su actividad que lleva a cabo a lo largo del a\u00f1o, poner a disposici\u00f3n de los interesados las herramientas financieras disponibles, adem\u00e1s de mostrar a los organismos con sede en General Pico, el CERET y CITIA con sus empresas incubadas, Telnova y Creciente Fertil. En el primer tramo de su discurso la titular de la cartera provincial felicit\u00f3 a los organizadores por el compromiso de una muestra m\u00e1s concretada representando a productores y productoras de la zona.<\/p>\n<p>A su vez dej\u00f3 el saludo del gobernador, Sergio Ziliotto, \u201cquien tiene un gran reconocimiento a un sector que constituye uno de los principales motores de la econom\u00eda pampeana, que aporta al crecimiento y desarrollo econ\u00f3mico, al valor agregado y al equilibrio territorial de nuestra Provincia\u201d. Gonz\u00e1lez habl\u00f3 en forma positiva respecto a los indicadores productivos actuales. \u201cLa agricultura muestra resultados alentadores, particularmente en cultivos como el ma\u00edz y el girasol. Y nuestra ganader\u00eda contin\u00faa demostrando no solamente su importancia en t\u00e9rminos de stock, sino que su trayectoria muestra una mejora sostenida en la eficiencia productiva que nos posiciona en el grupo de provincias m\u00e1s eficiente, superando el promedio nacional\u201d se\u00f1al\u00f3.<\/p>\n<p>En el marco de esos resultados enfatiz\u00f3 sobre el \u201centramado productivo integrado por familias productoras, contratistas, t\u00e9cnicos, cooperativas, empresas de servicios, de insumos y de maquinarias que se fortalece y desarrolla para ser competitivos, trabajando e invirtiendo en La Pampa\u201d.<\/p>\n<p>Manifest\u00f3 tambi\u00e9n que ante la situaci\u00f3n actual \u201cen cuanto al contexto internacional que genera volatilidad de mercados, el cambio clim\u00e1tico que nos condiciona a repensar los sistemas de producci\u00f3n, la clave es la adaptaci\u00f3n\u201d. En ese sentido remarc\u00f3 el trabajo conjunto con los organismos cient\u00edfico-t\u00e9cnicos, para acompa\u00f1ar en las decisiones de los productores como tambi\u00e9n al sector privado.<\/p>\n<p>Gonz\u00e1lez sostuvo adem\u00e1s que \u201cdesde el Gobierno provincial tenemos una convicci\u00f3n muy clara: producir m\u00e1s y mejor requiere trabajo, conocimiento e inversi\u00f3n, pero tambi\u00e9n necesita herramientas que permitan concretar esas inversiones\u201d. En ese sentido record\u00f3 que \u201cjunto al Banco de La Pampa, FOGAPAM y al Consejo Federal de Inversiones, se dispone de distintas alternativas de financiamiento destinadas a la producci\u00f3n agropecuaria, la infraestructura productiva, la ganader\u00eda, la actividad tambera y ap\u00edcola, el manejo sustentable de nuestros recursos y las inversiones vinculadas con energ\u00edas renovables y eficiencia h\u00eddrica\u201d.<\/p>\n<p>Otra herramienta de la que hizo menci\u00f3n fue el Compre Pampeano \u201ccon la agencia I-COMEX acompa\u00f1amos a las empresas en el proceso de internacionalizaci\u00f3n y la apertura de mercados. Aqu\u00ed, en General Pico, contamos adem\u00e1s con herramientas estrat\u00e9gicas como la Zona Franca y el Polo Cient\u00edfico Tecnol\u00f3gico, que nos permiten vincular producci\u00f3n, industria, innovaci\u00f3n y conocimiento\u201d. Y continu\u00f3 \u201cestamos trabajando en la formaci\u00f3n de nuestros j\u00f3venes y en la incorporaci\u00f3n de conocimiento a los procesos productivos, a trav\u00e9s de las Becas Iniciar, en un trabajo conjunto con la Universidad Nacional de La Pampa y la Fundaci\u00f3n Banco de La Pampa\u201d.<\/p>\n<p>Ya con una mirada hacia adelante, sostuvo que \u201cel Plan de Desarrollo Econ\u00f3mico y Productivo de La Pampa es nuestra hoja de ruta, construida conjuntamente con el sector privado, las instituciones y los organismos cient\u00edfico tecnol\u00f3gicos. Los invitamos a continuar trabajando en esta l\u00ednea para fortalecer la producci\u00f3n, generar empleo, agregar valor y promover el desarrollo equilibrado de toda nuestra provincia\u201d.<\/p>\n<p>En el cierre y para enfatizar la importancia del sector agropecuario y el acompa\u00f1amiento del Ministerio con el mismo, la ministra expres\u00f3 \u201ccuando nos referimos al campo pampeano, no hablamos solamente de producci\u00f3n primaria. Cuando el agro crece, tambi\u00e9n crece nuestro sector industrial, nuestras pymes, los contratistas rurales, la log\u00edstica, los servicios y toda la cadena agroalimentaria\u201d.<\/p>\n<p><strong>Anfitriones<\/strong><\/p>\n<p>Por su parte el presidente de la Sociedad Rural destac\u00f3 la importancia de la participaci\u00f3n \u201ces fundamental tambi\u00e9n para la toma de decisiones de las entidades\u201d. En sus palabras hizo hincapi\u00e9 en que \u201cel principal desaf\u00edo del pa\u00eds no es s\u00f3lo econ\u00f3mico, es recuperar la confianza. Para generar cr\u00e9dito, desarrollo e inversi\u00f3n necesitamos ser un pa\u00eds confiable eso requiere consenso sobre el rumbo econ\u00f3mico\u201d. En ese sentido dijo que, si bien \u201cacompa\u00f1amos el rumbo econ\u00f3mico, todav\u00eda no est\u00e1 completo, el sector agropecuario contin\u00faa soportando una carga tributaria que no le permite invertir. Constituye un impuesto distorsivo, creemos que lo primero es crear las condiciones para que los productores puedan hacer crecer la econom\u00eda\u201d.<\/p>\n<p>Por eso sostuvo \u201cnecesitamos un Rstado fuerte que atienda el agregado de valor, la seguridad jur\u00eddica, la sanidad animal y vegetal, la estabilidad econ\u00f3mica\u201d.<\/p>\n<p>Particularmente se refiri\u00f3 al obst\u00e1culo que presenta el impuesto a los Ingresos Brutos, a la necesidad de trabajar en la prevenci\u00f3n, en cuanto a la fiebre aftosa \u201cya que estamos atravesando un buen momento de la ganader\u00eda\u201d y destac\u00f3 tambi\u00e9n el rol del INTA \u201cque brinda conocimiento y tecnolog\u00eda a nivel de la poblaci\u00f3n\u201d.<\/p>\n<p>Aclar\u00f3 tambi\u00e9n que \u201cel futuro de la Argentina no depende solamente de quienes gobiernan, sino tambi\u00e9n de nosotros, entidades, y la sociedad, no alcanza con reclamar, hay que participar. Por ello convoco a todos a involucrarse\u201d.<\/p>\n<p>Finalmente hizo hincapi\u00e9 en la importancia de reunirse y dialogar para tomar correctas decisiones. Desde Carbap, Ginestet, destac\u00f3 tambi\u00e9n la importancia de las instituciones. Al igual que Matilla hizo referencia a la burocracia que implican los impuestos al sector agropecuario, \u201cpor lo cual es necesario abordar este tema\u201d. En cuanto a la fiebre aftosa, dijo que hay preocupaci\u00f3n de los productores ganaderos ante las pol\u00edticas vigentes. Hizo referencia a la necesidad de mejorar los caminos rurales, como tambi\u00e9n a trabajar en cuanto al Ni\u00f1o que podr\u00eda venir. Para cerrar sostuvo \u201cson muchos los desaf\u00edos que tenemos, pero nuestro pa\u00eds tiene una oportunidad de desarrollar nuestros productos y ofrecerlos al mundo\u201d.<\/p>\n","protected":false},"excerpt":{"rendered":"<p>La 92\u00b0 Exposici\u00f3n Rural, Agr\u00edcola, Industrial, Comercial y de Servicios de General Pico est\u00e1 en marcha, acompa\u00f1ada como en cada instancia, por el Gobierno provincial a trav\u00e9s del Ministerio de&hellip;<\/p>\n","protected":false},"author":3,"featured_media":512434,"comment_status":"closed","ping_status":"open","sticky":false,"template":"","format":"standard","meta":{"footnotes":""},"categories":[7,13,15],"tags":[],"class_list":["post-512433","post","type-post","status-publish","format-standard","has-post-thumbnail","hentry","category-destacadas","category-provincia","category-tapa"],"jetpack_featured_media_url":"https:\/\/www.planbnoticias.com.ar\/wp-content\/uploads\/2026\/09\/gonzalez.avif","_links":{"self":[{"href":"https:\/\/www.planbnoticias.com.ar\/index.php\/wp-json\/wp\/v2\/posts\/512433","targetHints":{"allow":["GET"]}}],"collection":[{"href":"https:\/\/www.planbnoticias.com.ar\/index.php\/wp-json\/wp\/v2\/posts"}],"about":[{"href":"https:\/\/www.planbnoticias.com.ar\/index.php\/wp-json\/wp\/v2\/types\/post"}],"author":[{"embeddable":true,"href":"https:\/\/www.planbnoticias.com.ar\/index.php\/wp-json\/wp\/v2\/users\/3"}],"replies":[{"embeddable":true,"href":"https:\/\/www.planbnoticias.com.ar\/index.php\/wp-json\/wp\/v2\/comments?post=512433"}],"version-history":[{"count":4,"href":"https:\/\/www.planbnoticias.com.ar\/index.php\/wp-json\/wp\/v2\/posts\/512433\/revisions"}],"predecessor-version":[{"id":512446,"href":"https:\/\/www.planbnoticias.com.ar\/index.php\/wp-json\/wp\/v2\/posts\/512433\/revisions\/512446"}],"wp:featuredmedia":[{"embeddable":true,"href":"https:\/\/www.planbnoticias.com.ar\/index.php\/wp-json\/wp\/v2\/media\/512434"}],"wp:attachment":[{"href":"https:\/\/www.planbnoticias.com.ar\/index.php\/wp-json\/wp\/v2\/media?parent=512433"}],"wp:term":[{"taxonomy":"category","embeddable":true,"href":"https:\/\/www.planbnoticias.com.ar\/index.php\/wp-json\/wp\/v2\/categories?post=512433"},{"taxonomy":"post_tag","embeddable":true,"href":"https:\/\/www.planbnoticias.com.ar\/index.php\/wp-json\/wp\/v2\/tags?post=512433"}],"curies":[{"name":"wp","href":"https:\/\/api.w.org\/{rel}","templated":true}]}}