{"id":512436,"date":"2026-09-05T18:32:19","date_gmt":"2026-09-05T21:32:19","guid":{"rendered":"https:\/\/www.planbnoticias.com.ar\/?p=512436"},"modified":"2026-09-05T18:33:32","modified_gmt":"2026-09-05T21:33:32","slug":"codigo-pampa-mas-de-50-jovenes-se-capacitaron-en-inteligencia-artificial-en-realico","status":"publish","type":"post","link":"https:\/\/www.planbnoticias.com.ar\/index.php\/2026\/09\/05\/codigo-pampa-mas-de-50-jovenes-se-capacitaron-en-inteligencia-artificial-en-realico\/","title":{"rendered":"C\u00f3digo Pampa: M\u00e1s de 50 j\u00f3venes se capacitaron en Inteligencia Artificial en Realic\u00f3"},"content":{"rendered":"<p><img fetchpriority=\"high\" decoding=\"async\" class=\"alignnone size-full wp-image-512437\" src=\"https:\/\/www.planbnoticias.com.ar\/wp-content\/uploads\/2026\/09\/codigo-pampa.avif\" alt=\"\" width=\"756\" height=\"507\" srcset=\"https:\/\/www.planbnoticias.com.ar\/wp-content\/uploads\/2026\/09\/codigo-pampa.avif 756w, https:\/\/www.planbnoticias.com.ar\/wp-content\/uploads\/2026\/09\/codigo-pampa-300x201.avif 300w, https:\/\/www.planbnoticias.com.ar\/wp-content\/uploads\/2026\/09\/codigo-pampa-585x392.avif 585w, https:\/\/www.planbnoticias.com.ar\/wp-content\/uploads\/2026\/09\/codigo-pampa-263x175.avif 263w\" sizes=\"(max-width: 756px) 100vw, 756px\" \/><\/p>\n<p>M\u00e1s de 50 j\u00f3venes se capacitaron en alfabetizaci\u00f3n digital. El eje central de la jornada estuvo centrado en la Inteligencia Artificial y habilidades del futuro.<\/p>\n<p>Con un rotundo marco de participaci\u00f3n y entusiasmo, la localidad de Realic\u00f3 fue sede de un nuevo encuentro de C\u00f3digo Pampa, el programa provincial de alfabetizaci\u00f3n y formaci\u00f3n digital orientado a juventudes. La actividad reuni\u00f3 a m\u00e1s de 50 chicas y chicos provenientes de distintas localidades del norte de La Pampa, quienes se congregaron para profundizar sus conocimientos en las tecnolog\u00edas que hoy transforman el mercado laboral y la sociedad.<\/p>\n<p>El evento tuvo lugar en el Centro Cultural y de Convenciones local, consolid\u00e1ndose como un nodo clave de aprendizaje, interacci\u00f3n y desarrollo para los j\u00f3venes pampeanos. La iniciativa, que recorre de manera itinerante la provincia, busca acortar la brecha digital y descentralizar el acceso al conocimiento tecnol\u00f3gico en cada territorio. Acompa\u00f1amiento institucional y compromiso regional.<\/p>\n<p>El encuentro cont\u00f3 con la presencia de autoridades del Gobierno provincial y municipal, entre ellas el subsecretario de Tecnolog\u00edas, Comunicaciones e Infraestructura, Lucas Gaggioli, representantes del Ministerio de Educaci\u00f3n, la Agencia de Ciencias, Tecnolog\u00edas e Innovaci\u00f3n Abierta (CITIA) y el municipio de Realic\u00f3, quienes reafirmaron la importancia de impulsar pol\u00edticas p\u00fablicas articuladas para la juventud.<\/p>\n<p><script async src=\"\/\/pagead2.googlesyndication.com\/pagead\/js\/adsbygoogle.js\"><\/script><br \/>\n<!-- Publi m\u00f3vil interior nota --><br \/>\n<ins class=\"adsbygoogle\" style=\"display: inline-btiembrepblock; width: 320px; height: 100px;\" data-ad-client=\"ca-pub-7250018434179914\" data-ad-slot=\"1040343543\"><\/ins><br \/>\n<script>\n(adsbygoogle = window.adsbygoogle || []).push({});\n<\/script><\/p>\n<p>Durante la apertura, el director general de Inclusi\u00f3n Digital, Gonzalo Pardo, celebr\u00f3 la masiva concurrencia y destac\u00f3 el compromiso de las y los participantes: \u00abVer el entusiasmo y la dedicaci\u00f3n con la que los chicos se suman a estas propuestas demuestra que en La Pampa hay un enorme potencial. C\u00f3digo Pampa no solo acerca herramientas t\u00e9cnicas, sino que abre puertas reales para el futuro de nuestras juventudes en sus propias comunidades\u00bb dijo a la Agencia Provincial de Noticias. Inteligencia Artificial y habilidades blandas: el eje de la formaci\u00f3n.<\/p>\n<p>En esta oportunidad, el eje central de la jornada estuvo enfocado en el uso pr\u00e1ctico y \u00e9tico de la Inteligencia Artificial (IA), una de las herramientas emergentes de mayor impacto en la actualidad. A trav\u00e9s de din\u00e1micas grupales, ejercicios interactivos y resoluci\u00f3n de casos pr\u00e1cticos, los participantes no solo aprendieron c\u00f3mo funcionan los algoritmos y los modelos de lenguaje, sino que tambi\u00e9n aplicaron estas herramientas para resolver desaf\u00edos concretos.<\/p>\n<p>La metodolog\u00eda de trabajo prioriz\u00f3 un enfoque integral: Pensamiento cr\u00edtico y l\u00f3gico: An\u00e1lisis de la informaci\u00f3n generada por la tecnolog\u00eda y desarrollo de soluciones estructuradas. Creatividad e innovaci\u00f3n: Exploraci\u00f3n de herramientas generativas aplicadas a proyectos individuales y colectivos. Habilidades interpersonales: Din\u00e1micas de liderazgo, comunicaci\u00f3n asertiva, organizaci\u00f3n de tareas y trabajo colaborativo. Una pol\u00edtica p\u00fablica de alcance provincial.<\/p>\n<p>C\u00f3digo Pampa es una iniciativa impulsada de manera interinstitucional por el Ministerio de Conectividad y Modernizaci\u00f3n, el Ministerio de Educaci\u00f3n, el Ministerio de Producci\u00f3n y la Agencia CITIA. Esta labor conjunta reafirma el compromiso de la gesti\u00f3n provincial con la construcci\u00f3n de un ecosistema m\u00e1s inclusivo, innovador y preparado para atender las demandas del mundo digital actual.<\/p>\n","protected":false},"excerpt":{"rendered":"<p>M\u00e1s de 50 j\u00f3venes se capacitaron en alfabetizaci\u00f3n digital. El eje central de la jornada estuvo centrado en la Inteligencia Artificial y habilidades del futuro. Con un rotundo marco de&hellip;<\/p>\n","protected":false},"author":3,"featured_media":512437,"comment_status":"closed","ping_status":"open","sticky":false,"template":"","format":"standard","meta":{"footnotes":""},"categories":[13],"tags":[],"class_list":["post-512436","post","type-post","status-publish","format-standard","has-post-thumbnail","hentry","category-provincia"],"jetpack_featured_media_url":"https:\/\/www.planbnoticias.com.ar\/wp-content\/uploads\/2026\/09\/codigo-pampa.avif","_links":{"self":[{"href":"https:\/\/www.planbnoticias.com.ar\/index.php\/wp-json\/wp\/v2\/posts\/512436","targetHints":{"allow":["GET"]}}],"collection":[{"href":"https:\/\/www.planbnoticias.com.ar\/index.php\/wp-json\/wp\/v2\/posts"}],"about":[{"href":"https:\/\/www.planbnoticias.com.ar\/index.php\/wp-json\/wp\/v2\/types\/post"}],"author":[{"embeddable":true,"href":"https:\/\/www.planbnoticias.com.ar\/index.php\/wp-json\/wp\/v2\/users\/3"}],"replies":[{"embeddable":true,"href":"https:\/\/www.planbnoticias.com.ar\/index.php\/wp-json\/wp\/v2\/comments?post=512436"}],"version-history":[{"count":3,"href":"https:\/\/www.planbnoticias.com.ar\/index.php\/wp-json\/wp\/v2\/posts\/512436\/revisions"}],"predecessor-version":[{"id":512440,"href":"https:\/\/www.planbnoticias.com.ar\/index.php\/wp-json\/wp\/v2\/posts\/512436\/revisions\/512440"}],"wp:featuredmedia":[{"embeddable":true,"href":"https:\/\/www.planbnoticias.com.ar\/index.php\/wp-json\/wp\/v2\/media\/512437"}],"wp:attachment":[{"href":"https:\/\/www.planbnoticias.com.ar\/index.php\/wp-json\/wp\/v2\/media?parent=512436"}],"wp:term":[{"taxonomy":"category","embeddable":true,"href":"https:\/\/www.planbnoticias.com.ar\/index.php\/wp-json\/wp\/v2\/categories?post=512436"},{"taxonomy":"post_tag","embeddable":true,"href":"https:\/\/www.planbnoticias.com.ar\/index.php\/wp-json\/wp\/v2\/tags?post=512436"}],"curies":[{"name":"wp","href":"https:\/\/api.w.org\/{rel}","templated":true}]}}