{"id":512441,"date":"2026-09-05T18:45:13","date_gmt":"2026-09-05T21:45:13","guid":{"rendered":"https:\/\/www.planbnoticias.com.ar\/?p=512441"},"modified":"2026-09-05T18:45:13","modified_gmt":"2026-09-05T21:45:13","slug":"general-pico-inauguro-una-nueva-edicion-de-la-expo-rural","status":"publish","type":"post","link":"https:\/\/www.planbnoticias.com.ar\/index.php\/2026\/09\/05\/general-pico-inauguro-una-nueva-edicion-de-la-expo-rural\/","title":{"rendered":"General Pico inaugur\u00f3 una nueva edici\u00f3n de la Expo Rural"},"content":{"rendered":"<p><img fetchpriority=\"high\" decoding=\"async\" class=\"alignnone size-full wp-image-512442\" src=\"https:\/\/www.planbnoticias.com.ar\/wp-content\/uploads\/2026\/09\/RURAL-PICO.avif\" alt=\"\" width=\"1000\" height=\"667\" srcset=\"https:\/\/www.planbnoticias.com.ar\/wp-content\/uploads\/2026\/09\/RURAL-PICO.avif 1000w, https:\/\/www.planbnoticias.com.ar\/wp-content\/uploads\/2026\/09\/RURAL-PICO-300x200.avif 300w, https:\/\/www.planbnoticias.com.ar\/wp-content\/uploads\/2026\/09\/RURAL-PICO-768x512.avif 768w, https:\/\/www.planbnoticias.com.ar\/wp-content\/uploads\/2026\/09\/RURAL-PICO-585x390.avif 585w, https:\/\/www.planbnoticias.com.ar\/wp-content\/uploads\/2026\/09\/RURAL-PICO-263x175.avif 263w\" sizes=\"(max-width: 1000px) 100vw, 1000px\" \/><\/p>\n<p>La intendenta Fernanda Alonso particip\u00f3 este s\u00e1bado de la inauguraci\u00f3n de la 92\u00b0 Edici\u00f3n de la Exposici\u00f3n Rural, Comercial, Industrial y de Servicios del norte pampeano, organizada por la Asociaci\u00f3n Sociedad Rural de General Pico. Lo hizo acompa\u00f1ada por la ministra de la Producci\u00f3n, Fernanda Gonz\u00e1lez.<\/p>\n<p>Durante el recorrido previo, del que tambi\u00e9n fueron parte funcionarios nacionales, provinciales, locales y representantes de instituciones, la mandataria piquense visit\u00f3 los distintos stands que integran esta nueva edici\u00f3n de la muestra, dialog\u00f3 con expositores, productores y empresarios y comparti\u00f3 impresiones sobre el presente y las perspectivas de cada sector.<\/p>\n<p>Ello permiti\u00f3 poner en valor la diversidad de propuestas que re\u00fane la Expo y el trabajo de quienes apuestan al crecimiento de la ciudad y la regi\u00f3n.<\/p>\n<p><script async src=\"\/\/pagead2.googlesyndication.com\/pagead\/js\/adsbygoogle.js\"><\/script><br \/>\n<!-- Publi m\u00f3vil interior nota --><br \/>\n<ins class=\"adsbygoogle\" style=\"display: inline-btiembrepblock; width: 320px; height: 100px;\" data-ad-client=\"ca-pub-7250018434179914\" data-ad-slot=\"1040343543\"><\/ins><br \/>\n<script>\n(adsbygoogle = window.adsbygoogle || []).push({});\n<\/script><\/p>\n<p>El punto final fue el predio correspondiente al C\u00edrculo de Emprendedores, donde la jefa comunal destac\u00f3 los proyectos, productos y servicios que llevan adelante emprendedoras y emprendedores de nuestra comunidad, valorando el compromiso y el esfuerzo que impulsan sus iniciativas.<\/p>\n<p>Posteriormente, tuvo lugar el acto inaugural y tras la entonaci\u00f3n del Himno Nacional Argentino, Fernanda Alonso entreg\u00f3 la resoluci\u00f3n que declara de inter\u00e9s municipal el evento.<\/p>\n<p>A continuaci\u00f3n, el presidente del Ateneo de la Sociedad Rural, Rom\u00e1n Gebruers, se dirigi\u00f3 a las y los presentes y se refiri\u00f3 a la participaci\u00f3n de las y los j\u00f3venes en la entidad. M\u00e1s tarde, hizo lo propio Carlos Matilla, quien preside la misma, seguido por Pablo Ginestet, al frente de CARBAP.<\/p>\n<p>Finalmente, Fernanda Gonz\u00e1lez mencion\u00f3 en su alocuci\u00f3n detalles sobre el desarrollo agr\u00edcola ganadero de la provincia y se refiri\u00f3 a la mejora sostenida en la eficiencia productiva.<\/p>\n<p>Vale agregar que los stands ganadores fueron premiados durante el recorrido mencionado.<\/p>\n","protected":false},"excerpt":{"rendered":"<p>La intendenta Fernanda Alonso particip\u00f3 este s\u00e1bado de la inauguraci\u00f3n de la 92\u00b0 Edici\u00f3n de la Exposici\u00f3n Rural, Comercial, Industrial y de Servicios del norte pampeano, organizada por la Asociaci\u00f3n&hellip;<\/p>\n","protected":false},"author":3,"featured_media":512442,"comment_status":"closed","ping_status":"open","sticky":false,"template":"","format":"standard","meta":{"footnotes":""},"categories":[13022,13],"tags":[],"class_list":["post-512441","post","type-post","status-publish","format-standard","has-post-thumbnail","hentry","category-general-pico","category-provincia"],"jetpack_featured_media_url":"https:\/\/www.planbnoticias.com.ar\/wp-content\/uploads\/2026\/09\/RURAL-PICO.avif","_links":{"self":[{"href":"https:\/\/www.planbnoticias.com.ar\/index.php\/wp-json\/wp\/v2\/posts\/512441","targetHints":{"allow":["GET"]}}],"collection":[{"href":"https:\/\/www.planbnoticias.com.ar\/index.php\/wp-json\/wp\/v2\/posts"}],"about":[{"href":"https:\/\/www.planbnoticias.com.ar\/index.php\/wp-json\/wp\/v2\/types\/post"}],"author":[{"embeddable":true,"href":"https:\/\/www.planbnoticias.com.ar\/index.php\/wp-json\/wp\/v2\/users\/3"}],"replies":[{"embeddable":true,"href":"https:\/\/www.planbnoticias.com.ar\/index.php\/wp-json\/wp\/v2\/comments?post=512441"}],"version-history":[{"count":1,"href":"https:\/\/www.planbnoticias.com.ar\/index.php\/wp-json\/wp\/v2\/posts\/512441\/revisions"}],"predecessor-version":[{"id":512443,"href":"https:\/\/www.planbnoticias.com.ar\/index.php\/wp-json\/wp\/v2\/posts\/512441\/revisions\/512443"}],"wp:featuredmedia":[{"embeddable":true,"href":"https:\/\/www.planbnoticias.com.ar\/index.php\/wp-json\/wp\/v2\/media\/512442"}],"wp:attachment":[{"href":"https:\/\/www.planbnoticias.com.ar\/index.php\/wp-json\/wp\/v2\/media?parent=512441"}],"wp:term":[{"taxonomy":"category","embeddable":true,"href":"https:\/\/www.planbnoticias.com.ar\/index.php\/wp-json\/wp\/v2\/categories?post=512441"},{"taxonomy":"post_tag","embeddable":true,"href":"https:\/\/www.planbnoticias.com.ar\/index.php\/wp-json\/wp\/v2\/tags?post=512441"}],"curies":[{"name":"wp","href":"https:\/\/api.w.org\/{rel}","templated":true}]}}