{"id":512457,"date":"2026-09-05T20:22:12","date_gmt":"2026-09-05T23:22:12","guid":{"rendered":"https:\/\/www.planbnoticias.com.ar\/?p=512457"},"modified":"2026-09-05T20:27:45","modified_gmt":"2026-09-05T23:27:45","slug":"la-ucr-decidio-construir-un-frente-para-generar-la-alternancia-politica-en-la-pampa","status":"publish","type":"post","link":"https:\/\/www.planbnoticias.com.ar\/index.php\/2026\/09\/05\/la-ucr-decidio-construir-un-frente-para-generar-la-alternancia-politica-en-la-pampa\/","title":{"rendered":"La UCR decidi\u00f3 construir un frente para \u201cgenerar la alternancia pol\u00edtica en La Pampa\u201d"},"content":{"rendered":"<p><img fetchpriority=\"high\" decoding=\"async\" class=\"alignnone size-full wp-image-512459\" src=\"https:\/\/www.planbnoticias.com.ar\/wp-content\/uploads\/2026\/09\/ucr-plenario1.avif\" alt=\"\" width=\"1000\" height=\"802\" srcset=\"https:\/\/www.planbnoticias.com.ar\/wp-content\/uploads\/2026\/09\/ucr-plenario1.avif 1000w, https:\/\/www.planbnoticias.com.ar\/wp-content\/uploads\/2026\/09\/ucr-plenario1-300x241.avif 300w, https:\/\/www.planbnoticias.com.ar\/wp-content\/uploads\/2026\/09\/ucr-plenario1-768x616.avif 768w, https:\/\/www.planbnoticias.com.ar\/wp-content\/uploads\/2026\/09\/ucr-plenario1-585x469.avif 585w\" sizes=\"(max-width: 1000px) 100vw, 1000px\" \/><\/p>\n<p>La Convenci\u00f3n radical aprob\u00f3 iniciar negociaciones con Comunidad Organizada y La Libertad Avanza, de cara a los comicios del 2027. Destacaron la vocaci\u00f3n del radicalismo para \u201cprotagonizar un proceso que genere la alternancia pol\u00edtica en La Pampa, para poner fin al estancamiento en el que la provincia se encuentra sumergida desde hace a\u00f1os\u201d.<\/p>\n<p>La Uni\u00f3n C\u00edvica Radical (UCR) defini\u00f3 su pol\u00edtica de alianzas para las elecciones a gobernador y autorizaron a una comisi\u00f3n para que inicie conversaciones con otras fuerzas pol\u00edticas, de cara a los comicios de 2027 y poder generar\u00a0 \u201cla alternancia pol\u00edtica en La Pampa\u201d.<\/p>\n<p>El plenario de la UCR, integrado por los miembros de la Convenci\u00f3n de la UCR y los presidentes de los comit\u00e9s, vot\u00f3 por 78 votos a favor, 11 en contra habilitar a una mesa negociadora para iniciar conversaciones con otras fuerzas pol\u00edticas.<\/p>\n<p>En un comunicado, se\u00f1alaron que \u201cde\u00a0 cara a 2027 y con la participaci\u00f3n de convencionales de toda la geograf\u00eda pampeana, as\u00ed como de presidentes de comit\u00e9s locales, la Uni\u00f3n C\u00edvica Radical expres\u00f3, por amplia mayor\u00eda, su vocaci\u00f3n de protagonizar un proceso que genere la alternancia pol\u00edtica en La Pampa, para poner fin al estancamiento en el que la provincia se encuentra sumergida desde hace a\u00f1os\u201d.<\/p>\n<p>\u201cLego de un debate democr\u00e1tico y respetuoso en el que los referentes expusieron la situaci\u00f3n que atraviesa el radicalismo en sus respectivos distritos y sus miradas respecto de las estrategias electorales para enfrentar los desaf\u00edos futuros, la Asamblea Plenaria resolvi\u00f3 facultar a una mesa de seis integrantes para que abra instancias de di\u00e1logo, sin exclusiones, con todas las fuerzas pol\u00edticas que compartan el diagn\u00f3stico sobre el agotamiento del actual modelo provincial y la voluntad de impulsar un cambio profundo en La Pampa\u201d, destacaron.<\/p>\n<p><script async src=\"\/\/pagead2.googlesyndication.com\/pagead\/js\/adsbygoogle.js\"><\/script><br \/>\n<!-- Publi m\u00f3vil interior nota --><br \/>\n<ins class=\"adsbygoogle\" style=\"display: inline-btiembrepblock; width: 320px; height: 100px;\" data-ad-client=\"ca-pub-7250018434179914\" data-ad-slot=\"1040343543\"><\/ins><br \/>\n<script>\n(adsbygoogle = window.adsbygoogle || []).push({});\n<\/script><\/p>\n<p>La citada mesa estar\u00e1 integrada por el presidente del Bloque de Legisladores Provinciales, el presidente de la Convenci\u00f3n Provincial, los vicepresidentes primero y segundo del Comit\u00e9 Provincia, un intendente y el presidente de la Juventud Radical.<\/p>\n<p><img decoding=\"async\" class=\"alignnone size-full wp-image-512458\" src=\"https:\/\/www.planbnoticias.com.ar\/wp-content\/uploads\/2026\/09\/ucr-plenario.avif\" alt=\"\" width=\"960\" height=\"752\" srcset=\"https:\/\/www.planbnoticias.com.ar\/wp-content\/uploads\/2026\/09\/ucr-plenario.avif 960w, https:\/\/www.planbnoticias.com.ar\/wp-content\/uploads\/2026\/09\/ucr-plenario-300x235.avif 300w, https:\/\/www.planbnoticias.com.ar\/wp-content\/uploads\/2026\/09\/ucr-plenario-768x602.avif 768w, https:\/\/www.planbnoticias.com.ar\/wp-content\/uploads\/2026\/09\/ucr-plenario-585x458.avif 585w\" sizes=\"(max-width: 960px) 100vw, 960px\" \/><\/p>\n<p>\u201cApoy\u00e1ndose en su identidad, en la experiencia de las gestiones locales, en su despliegue territorial y en su vocaci\u00f3n de liderazgo, la UCR asume la enorme responsabilidad de contribuir a elaborar, a partir de las coincidencias b\u00e1sicas, un programa de gobierno capaz de modernizar y transformar la provincia y as\u00ed mejorar las condiciones de vida de todos los pampeanos\u201d, precisaron desde el radicalismo pampeano.<\/p>\n<blockquote class=\"wp-embedded-content\" data-secret=\"gUZjLWF2YP\"><p><a href=\"https:\/\/www.planbnoticias.com.ar\/index.php\/2026\/09\/05\/comenzo-la-convencion-radical-que-definira-las-alianzas-para-el-2027\/\">Comenz\u00f3 la Convenci\u00f3n Radical que definir\u00e1 las alianzas para el 2027<\/a><\/p><\/blockquote>\n<p><iframe class=\"wp-embedded-content\" sandbox=\"allow-scripts\" security=\"restricted\" style=\"position: absolute; visibility: hidden;\" title=\"\u00abComenz\u00f3 la Convenci\u00f3n Radical que definir\u00e1 las alianzas para el 2027\u00bb \u2014 Plan B Noticias\" src=\"https:\/\/www.planbnoticias.com.ar\/index.php\/2026\/09\/05\/comenzo-la-convencion-radical-que-definira-las-alianzas-para-el-2027\/embed\/#?secret=l47diWXIp7#?secret=gUZjLWF2YP\" data-secret=\"gUZjLWF2YP\" width=\"600\" height=\"338\" frameborder=\"0\" marginwidth=\"0\" marginheight=\"0\" scrolling=\"no\"><\/iframe><\/p>\n","protected":false},"excerpt":{"rendered":"<p>La Convenci\u00f3n radical aprob\u00f3 iniciar negociaciones con Comunidad Organizada y La Libertad Avanza, de cara a los comicios del 2027. Destacaron la vocaci\u00f3n del radicalismo para \u201cprotagonizar un proceso que&hellip;<\/p>\n","protected":false},"author":3,"featured_media":512459,"comment_status":"closed","ping_status":"open","sticky":false,"template":"","format":"standard","meta":{"footnotes":""},"categories":[13,15],"tags":[],"class_list":["post-512457","post","type-post","status-publish","format-standard","has-post-thumbnail","hentry","category-provincia","category-tapa"],"jetpack_featured_media_url":"https:\/\/www.planbnoticias.com.ar\/wp-content\/uploads\/2026\/09\/ucr-plenario1.avif","_links":{"self":[{"href":"https:\/\/www.planbnoticias.com.ar\/index.php\/wp-json\/wp\/v2\/posts\/512457","targetHints":{"allow":["GET"]}}],"collection":[{"href":"https:\/\/www.planbnoticias.com.ar\/index.php\/wp-json\/wp\/v2\/posts"}],"about":[{"href":"https:\/\/www.planbnoticias.com.ar\/index.php\/wp-json\/wp\/v2\/types\/post"}],"author":[{"embeddable":true,"href":"https:\/\/www.planbnoticias.com.ar\/index.php\/wp-json\/wp\/v2\/users\/3"}],"replies":[{"embeddable":true,"href":"https:\/\/www.planbnoticias.com.ar\/index.php\/wp-json\/wp\/v2\/comments?post=512457"}],"version-history":[{"count":4,"href":"https:\/\/www.planbnoticias.com.ar\/index.php\/wp-json\/wp\/v2\/posts\/512457\/revisions"}],"predecessor-version":[{"id":512463,"href":"https:\/\/www.planbnoticias.com.ar\/index.php\/wp-json\/wp\/v2\/posts\/512457\/revisions\/512463"}],"wp:featuredmedia":[{"embeddable":true,"href":"https:\/\/www.planbnoticias.com.ar\/index.php\/wp-json\/wp\/v2\/media\/512459"}],"wp:attachment":[{"href":"https:\/\/www.planbnoticias.com.ar\/index.php\/wp-json\/wp\/v2\/media?parent=512457"}],"wp:term":[{"taxonomy":"category","embeddable":true,"href":"https:\/\/www.planbnoticias.com.ar\/index.php\/wp-json\/wp\/v2\/categories?post=512457"},{"taxonomy":"post_tag","embeddable":true,"href":"https:\/\/www.planbnoticias.com.ar\/index.php\/wp-json\/wp\/v2\/tags?post=512457"}],"curies":[{"name":"wp","href":"https:\/\/api.w.org\/{rel}","templated":true}]}}