{"id":512484,"date":"2026-09-06T10:03:29","date_gmt":"2026-09-06T13:03:29","guid":{"rendered":"https:\/\/www.planbnoticias.com.ar\/?p=512484"},"modified":"2026-09-06T10:23:08","modified_gmt":"2026-09-06T13:23:08","slug":"union-del-este-camino-a-su-quinto-aniversario","status":"publish","type":"post","link":"https:\/\/www.planbnoticias.com.ar\/index.php\/2026\/09\/06\/union-del-este-camino-a-su-quinto-aniversario\/","title":{"rendered":"Uni\u00f3n del Este camino a su quinto aniversario"},"content":{"rendered":"<p><img fetchpriority=\"high\" decoding=\"async\" class=\"alignnone size-full wp-image-512485\" src=\"https:\/\/www.planbnoticias.com.ar\/wp-content\/uploads\/2026\/09\/union-del-este-bandera.jpg\" alt=\"\" width=\"1600\" height=\"900\" srcset=\"https:\/\/www.planbnoticias.com.ar\/wp-content\/uploads\/2026\/09\/union-del-este-bandera.jpg 1600w, https:\/\/www.planbnoticias.com.ar\/wp-content\/uploads\/2026\/09\/union-del-este-bandera-300x169.jpg 300w, https:\/\/www.planbnoticias.com.ar\/wp-content\/uploads\/2026\/09\/union-del-este-bandera-1024x576.jpg 1024w, https:\/\/www.planbnoticias.com.ar\/wp-content\/uploads\/2026\/09\/union-del-este-bandera-768x432.jpg 768w, https:\/\/www.planbnoticias.com.ar\/wp-content\/uploads\/2026\/09\/union-del-este-bandera-1536x864.jpg 1536w, https:\/\/www.planbnoticias.com.ar\/wp-content\/uploads\/2026\/09\/union-del-este-bandera-1170x658.jpg 1170w, https:\/\/www.planbnoticias.com.ar\/wp-content\/uploads\/2026\/09\/union-del-este-bandera-585x329.jpg 585w\" sizes=\"(max-width: 1600px) 100vw, 1600px\" \/><\/p>\n<p>El club de la popular barriada del sudeste santarrose\u00f1o naci\u00f3 en octubre de 2021, en plena pandemia.<\/p>\n<p>El club llega al quinto a\u00f1o con un predio que le don\u00f3 la Municipalidad de Santa Rosa y ya cuenta con iluminaci\u00f3n.<\/p>\n<p>&nbsp;<script async src=\"\/\/pagead2.googlesyndication.com\/pagead\/js\/adsbygoogle.js\"><\/script><br \/>\n<!-- Publi m\u00f3vil interior nota --><br \/>\n<ins class=\"adsbygoogle\" style=\"display: inline-block; width: 320px; height: 100px;\" data-ad-client=\"ca-pub-7250018434179914\" data-ad-slot=\"1040343543\"><\/ins><br \/>\n<script>\n(adsbygoogle = window.adsbygoogle || []).push({});\n<\/script><\/p>\n<p>Uni\u00f3n del Este se form\u00f3 en octubre de 2021, en plena pandemia, \u201cen un momento en el que las cosas no eran f\u00e1ciles para nadie. Fue entonces cuando Jorge Lezcano, principal mentor de este proyecto, junto a Ricardo Miranda, tomaron la decisi\u00f3n de fundar una instituci\u00f3n para los barrios del Este\u201d, recordaron.<\/p>\n<p>\u201cAs\u00ed naci\u00f3 Uni\u00f3n del Este: desde la identidad de sus fundadores y con una clara vocaci\u00f3n de representar y acompa\u00f1ar a nuestra comunidad. Los comienzos fueron duros, como todo comienzo. Pero con trabajo, compromiso y la fuerza de mucha gente que crey\u00f3 en este proyecto, la instituci\u00f3n logr\u00f3 superar cada obst\u00e1culo y crecer d\u00eda a d\u00eda\u201d, indicaron en un escrito de prensa.<\/p>\n<p>\u201cEn 2022 se sum\u00f3 Pablo Hern\u00e1ndez, primero como pap\u00e1 y luego asumiendo responsabilidades como tesorero, convirti\u00e9ndose en una pieza fundamental y en uno de los principales motores del sostenimiento econ\u00f3mico de la instituci\u00f3n\u201d, describieron.<\/p>\n<p>2A lo largo de estos a\u00f1os fueron apareciendo colaboradores, instituciones, organismos y personas del sector privado que hicieron su aporte para que Uni\u00f3n pudiera seguir creciendo. Y lleg\u00f3 un momento fundamental: en 2024, la Municipalidad de Santa Rosa cedi\u00f3 y don\u00f3 el espacio donde hoy estamos construyendo nuestro propio predio. Un sue\u00f1o que cada d\u00eda est\u00e1 m\u00e1s cerca de convertirse en realidad\u201d, se\u00f1alaron.<\/p>\n<p><img decoding=\"async\" class=\"alignnone size-full wp-image-506936\" src=\"https:\/\/www.planbnoticias.com.ar\/wp-content\/uploads\/2026\/07\/union-del-ese-luz-1.jpeg\" alt=\"\" width=\"1600\" height=\"900\" srcset=\"https:\/\/www.planbnoticias.com.ar\/wp-content\/uploads\/2026\/07\/union-del-ese-luz-1.jpeg 1600w, https:\/\/www.planbnoticias.com.ar\/wp-content\/uploads\/2026\/07\/union-del-ese-luz-1-300x169.jpeg 300w, https:\/\/www.planbnoticias.com.ar\/wp-content\/uploads\/2026\/07\/union-del-ese-luz-1-1024x576.jpeg 1024w, https:\/\/www.planbnoticias.com.ar\/wp-content\/uploads\/2026\/07\/union-del-ese-luz-1-768x432.jpeg 768w, https:\/\/www.planbnoticias.com.ar\/wp-content\/uploads\/2026\/07\/union-del-ese-luz-1-1536x864.jpeg 1536w, https:\/\/www.planbnoticias.com.ar\/wp-content\/uploads\/2026\/07\/union-del-ese-luz-1-1170x658.jpeg 1170w, https:\/\/www.planbnoticias.com.ar\/wp-content\/uploads\/2026\/07\/union-del-ese-luz-1-585x329.jpeg 585w\" sizes=\"(max-width: 1600px) 100vw, 1600px\" \/><\/p>\n<p>\u201cHoy, Uni\u00f3n del Este participa con sus categor\u00edas formativas en la Liga Cultural de F\u00fatbol y contin\u00faa creciendo con una mirada puesta en el futuro. En estos cinco a\u00f1os hay nombres que forman parte inseparable de nuestra historia. Entre ellos, Jorge Lezcano, socio fundador y socio n\u00famero 1, uno de los principales mentores de este proyecto y de esta instituci\u00f3n\u201d, destacaron.<\/p>\n<p>\u201cTambi\u00e9n queremos destacar y agradecer especialmente el aporte continuo de UPCN, como parte de este camino de crecimiento y acompa\u00f1amiento. Cinco a\u00f1os despu\u00e9s, seguimos de pie. Seguimos creciendo. Seguimos so\u00f1ando. Porque esto reci\u00e9n comienza\u201d, finalizaron.<\/p>\n","protected":false},"excerpt":{"rendered":"<p>El club de la popular barriada del sudeste santarrose\u00f1o naci\u00f3 en octubre de 2021, en plena pandemia. El club llega al quinto a\u00f1o con un predio que le don\u00f3 la&hellip;<\/p>\n","protected":false},"author":2,"featured_media":512485,"comment_status":"closed","ping_status":"open","sticky":false,"template":"","format":"standard","meta":{"footnotes":""},"categories":[4,6],"tags":[],"class_list":["post-512484","post","type-post","status-publish","format-standard","has-post-thumbnail","hentry","category-ciudad","category-deportes"],"jetpack_featured_media_url":"https:\/\/www.planbnoticias.com.ar\/wp-content\/uploads\/2026\/09\/union-del-este-bandera.jpg","_links":{"self":[{"href":"https:\/\/www.planbnoticias.com.ar\/index.php\/wp-json\/wp\/v2\/posts\/512484","targetHints":{"allow":["GET"]}}],"collection":[{"href":"https:\/\/www.planbnoticias.com.ar\/index.php\/wp-json\/wp\/v2\/posts"}],"about":[{"href":"https:\/\/www.planbnoticias.com.ar\/index.php\/wp-json\/wp\/v2\/types\/post"}],"author":[{"embeddable":true,"href":"https:\/\/www.planbnoticias.com.ar\/index.php\/wp-json\/wp\/v2\/users\/2"}],"replies":[{"embeddable":true,"href":"https:\/\/www.planbnoticias.com.ar\/index.php\/wp-json\/wp\/v2\/comments?post=512484"}],"version-history":[{"count":3,"href":"https:\/\/www.planbnoticias.com.ar\/index.php\/wp-json\/wp\/v2\/posts\/512484\/revisions"}],"predecessor-version":[{"id":512488,"href":"https:\/\/www.planbnoticias.com.ar\/index.php\/wp-json\/wp\/v2\/posts\/512484\/revisions\/512488"}],"wp:featuredmedia":[{"embeddable":true,"href":"https:\/\/www.planbnoticias.com.ar\/index.php\/wp-json\/wp\/v2\/media\/512485"}],"wp:attachment":[{"href":"https:\/\/www.planbnoticias.com.ar\/index.php\/wp-json\/wp\/v2\/media?parent=512484"}],"wp:term":[{"taxonomy":"category","embeddable":true,"href":"https:\/\/www.planbnoticias.com.ar\/index.php\/wp-json\/wp\/v2\/categories?post=512484"},{"taxonomy":"post_tag","embeddable":true,"href":"https:\/\/www.planbnoticias.com.ar\/index.php\/wp-json\/wp\/v2\/tags?post=512484"}],"curies":[{"name":"wp","href":"https:\/\/api.w.org\/{rel}","templated":true}]}}