{"id":512497,"date":"2026-09-06T12:18:43","date_gmt":"2026-09-06T15:18:43","guid":{"rendered":"https:\/\/www.planbnoticias.com.ar\/?p=512497"},"modified":"2026-09-06T12:19:07","modified_gmt":"2026-09-06T15:19:07","slug":"cortes-parciales-en-la-avenida-luro-por-obras","status":"publish","type":"post","link":"https:\/\/www.planbnoticias.com.ar\/index.php\/2026\/09\/06\/cortes-parciales-en-la-avenida-luro-por-obras\/","title":{"rendered":"Cortes parciales en la Avenida Luro por obras"},"content":{"rendered":"<p><img fetchpriority=\"high\" decoding=\"async\" class=\"alignnone size-full wp-image-512498\" src=\"https:\/\/www.planbnoticias.com.ar\/wp-content\/uploads\/2026\/09\/obras-municipalidad.jpeg\" alt=\"\" width=\"1280\" height=\"763\" srcset=\"https:\/\/www.planbnoticias.com.ar\/wp-content\/uploads\/2026\/09\/obras-municipalidad.jpeg 1280w, https:\/\/www.planbnoticias.com.ar\/wp-content\/uploads\/2026\/09\/obras-municipalidad-300x179.jpeg 300w, https:\/\/www.planbnoticias.com.ar\/wp-content\/uploads\/2026\/09\/obras-municipalidad-1024x610.jpeg 1024w, https:\/\/www.planbnoticias.com.ar\/wp-content\/uploads\/2026\/09\/obras-municipalidad-768x458.jpeg 768w, https:\/\/www.planbnoticias.com.ar\/wp-content\/uploads\/2026\/09\/obras-municipalidad-1170x697.jpeg 1170w, https:\/\/www.planbnoticias.com.ar\/wp-content\/uploads\/2026\/09\/obras-municipalidad-585x349.jpeg 585w\" sizes=\"(max-width: 1280px) 100vw, 1280px\" \/><\/p>\n<p>En el marco de las obras que se ejecutan en la capital pampeana, habr\u00e1 cortes parciales en la Avenida Luro, desde este lunes 7 de septiembre. La Municipalidad de Santa Rosa dispuso se\u00f1alizaci\u00f3n y v\u00edas alternativas para la circulaci\u00f3n.<\/p>\n<p>Este lunes 7 de septiembre comenzar\u00e1n los trabajos de recambio de la colectora cloacal en Avenida Luro, entre Roque S\u00e1enz Pe\u00f1a y Emilio Zola. Es por la continuidad de tareas que se realizan para dotar de mejor infraestructura sanitaria a esa zona de la ciudad.<\/p>\n<p><script async src=\"\/\/pagead2.googlesyndication.com\/pagead\/js\/adsbygoogle.js\"><\/script><br \/>\n<!-- Publi m\u00f3vil interior nota --><br \/>\n<ins class=\"adsbygoogle\" style=\"display: inline-block; width: 320px; height: 100px;\" data-ad-client=\"ca-pub-7250018434179914\" data-ad-slot=\"1040343543\"><\/ins><br \/>\n<script>\n(adsbygoogle = window.adsbygoogle || []).push({});\n<\/script><\/p>\n<p>Para el desarrollo de la obra, se realizar\u00e1 un corte de tr\u00e1nsito sobre la Avenida Luro, en sentido Norte-Sur a la altura de Dante Alighieri y M\u00e9dici. La medida tiene como objetivo garantizar las condiciones de seguridad necesarias para los vecinos y los equipos que intervienen.<\/p>\n<p>Los cortes se efectivizar\u00e1n este lunes de 8:00 a 13:00 horas y se extender\u00e1n por un per\u00edodo de dos semanas. Se informa que los conductores podr\u00e1n retomar, como alternativa de circulaci\u00f3n, el acceso a la Avenida Luro por Leguizam\u00f3n o por calle Tierno. Durante el desarrollo de los trabajos se dispondr\u00e1n las correspondientes medidas de se\u00f1alizaci\u00f3n, vallado y seguridad, con el objetivo de garantizar la seguridad de los trabajadores, conductores y peatones en la v\u00eda p\u00fablica, y facilitar el tr\u00e1nsito.<\/p>\n<p><strong>Otros cortes por obras. <\/strong><\/p>\n<p>Entre el lunes 7 y el viernes 11 de septiembre, habr\u00e1 un corte total en Leguizam\u00f3n, entre Ameghino y Avenida Luro y entre Alberdi y Civit, as\u00ed como tambi\u00e9n en Civit, entre Leguizam\u00f3n y Roque S\u00e1enz Pe\u00f1a.<\/p>\n<p>Durante la semana, de 8:00 a 17:00 horas, habr\u00e1 una interrupci\u00f3n parcial al tr\u00e1nsito en Roque Sa\u00e9nz Pe\u00f1a, entre Ameghino y Avenida Luro, por tareas de impermeabilizaci\u00f3n de bocas de registro. Lo mismo ocurrir\u00e1 en Leguizam\u00f3n, entre Avenida Espa\u00f1a y Ameghino, donde se ejecutar\u00e1n trabajos sobre la carpeta asf\u00e1ltica.<\/p>\n<p>Por otro lado, entre el viernes 11 y el domingo 13 de septiembre habr\u00e1 un corte al tr\u00e1nsito en Gonz\u00e1lez, entre Sarmiento y Quintana. En ese sector se desarrollar\u00e1n tareas de perforaci\u00f3n.<\/p>\n<p>La Municipalidad de Santa Rosa inform\u00f3 que los cortes se producen por \u201clos trabajos se ejecutan en distintos barrios de Santa Rosa con el objetivo de dotar de mayor infraestructura a la capital pampeana y brindar mejores servicios. Durante el desarrollo de estas tareas, se solicita precauci\u00f3n al momento de circular, respetar las recomendaciones del personal de Tr\u00e1nsito y tomar v\u00edas alternativas\u201d.<\/p>\n","protected":false},"excerpt":{"rendered":"<p>En el marco de las obras que se ejecutan en la capital pampeana, habr\u00e1 cortes parciales en la Avenida Luro, desde este lunes 7 de septiembre. La Municipalidad de Santa&hellip;<\/p>\n","protected":false},"author":2,"featured_media":512498,"comment_status":"closed","ping_status":"open","sticky":false,"template":"","format":"standard","meta":{"footnotes":""},"categories":[4],"tags":[],"class_list":["post-512497","post","type-post","status-publish","format-standard","has-post-thumbnail","hentry","category-ciudad"],"jetpack_featured_media_url":"https:\/\/www.planbnoticias.com.ar\/wp-content\/uploads\/2026\/09\/obras-municipalidad.jpeg","_links":{"self":[{"href":"https:\/\/www.planbnoticias.com.ar\/index.php\/wp-json\/wp\/v2\/posts\/512497","targetHints":{"allow":["GET"]}}],"collection":[{"href":"https:\/\/www.planbnoticias.com.ar\/index.php\/wp-json\/wp\/v2\/posts"}],"about":[{"href":"https:\/\/www.planbnoticias.com.ar\/index.php\/wp-json\/wp\/v2\/types\/post"}],"author":[{"embeddable":true,"href":"https:\/\/www.planbnoticias.com.ar\/index.php\/wp-json\/wp\/v2\/users\/2"}],"replies":[{"embeddable":true,"href":"https:\/\/www.planbnoticias.com.ar\/index.php\/wp-json\/wp\/v2\/comments?post=512497"}],"version-history":[{"count":2,"href":"https:\/\/www.planbnoticias.com.ar\/index.php\/wp-json\/wp\/v2\/posts\/512497\/revisions"}],"predecessor-version":[{"id":512503,"href":"https:\/\/www.planbnoticias.com.ar\/index.php\/wp-json\/wp\/v2\/posts\/512497\/revisions\/512503"}],"wp:featuredmedia":[{"embeddable":true,"href":"https:\/\/www.planbnoticias.com.ar\/index.php\/wp-json\/wp\/v2\/media\/512498"}],"wp:attachment":[{"href":"https:\/\/www.planbnoticias.com.ar\/index.php\/wp-json\/wp\/v2\/media?parent=512497"}],"wp:term":[{"taxonomy":"category","embeddable":true,"href":"https:\/\/www.planbnoticias.com.ar\/index.php\/wp-json\/wp\/v2\/categories?post=512497"},{"taxonomy":"post_tag","embeddable":true,"href":"https:\/\/www.planbnoticias.com.ar\/index.php\/wp-json\/wp\/v2\/tags?post=512497"}],"curies":[{"name":"wp","href":"https:\/\/api.w.org\/{rel}","templated":true}]}}